{"id":3290,"date":"2018-04-06T17:48:04","date_gmt":"2018-04-06T16:48:04","guid":{"rendered":"http:\/\/nyuz.elte.hu\/?p=3290"},"modified":"2018-04-06T14:11:23","modified_gmt":"2018-04-06T13:11:23","slug":"miert-legyek-terkepesz","status":"publish","type":"post","link":"https:\/\/nyuz.elte.hu\/?p=3290","title":{"rendered":"Mi\u00e9rt legyek t\u00e9rk\u00e9p\u00e9sz?"},"content":{"rendered":"<p><a href=\"http:\/\/nyuz.elte.hu\/wp-content\/uploads\/sites\/6\/2018\/04\/GISLayers.png\"><img loading=\"lazy\" decoding=\"async\" class=\"aligncenter size-full wp-image-3291\" src=\"http:\/\/nyuz.elte.hu\/wp-content\/uploads\/sites\/6\/2018\/04\/GISLayers.png\" alt=\"\" width=\"1295\" height=\"865\" srcset=\"https:\/\/nyuz.elte.hu\/wp-content\/uploads\/sites\/6\/2018\/04\/GISLayers.png 1295w, https:\/\/nyuz.elte.hu\/wp-content\/uploads\/sites\/6\/2018\/04\/GISLayers-768x513.png 768w, https:\/\/nyuz.elte.hu\/wp-content\/uploads\/sites\/6\/2018\/04\/GISLayers-624x417.png 624w\" sizes=\"(max-width: 1295px) 100vw, 1295px\" \/><\/a><\/p>\n<p><strong>Ez a k\u00e9rd\u00e9s kimaradt az ELTE f\u00f6ldtudom\u00e1nyi k\u00e9pz\u00e9s\u00e9t bemutat\u00f3 videoblogb\u00f3l, pedig a v\u00e1laszthat\u00f3 szakir\u00e1nyok k\u00f6z\u00f6tt ott szerepel a geofizika, geol\u00f3gia, f\u00f6ldrajz, meteorol\u00f3gia \u00e9s csillag\u00e1szat mellett. Mint v\u00e1g\u00f3k\u00e9p gyakran megjelent a filmen egy-egy r\u00e9gi vagy \u00faj t\u00e9rk\u00e9p a bemutatott f\u00f6ldtudom\u00e1nyi ter\u00fcletek illusztr\u00e1ci\u00f3jak\u00e9nt, ez pedig kiv\u00e1l\u00f3an mutatja a t\u00e9rk\u00e9p fontos szerep\u00e9t, mint kommunik\u00e1ci\u00f3s eszk\u00f6z!<\/strong><\/p>\n<p>Izgalmas \u00e9s hosszan bemutathat\u00f3 szakma a t\u00e9rk\u00e9p\u00e9szet, amit sz\u00e1mos tud\u00f3s m\u0171velt f\u0151 kutat\u00e1sai mellett szeretetb\u0151l vagy hivat\u00e1sb\u00f3l, hiszen a t\u00e9rk\u00e9pn\u00e9l jobb m\u00e9diuma nem volt a tudom\u00e1ny m\u0171vel\u0151inek hossz\u00fa \u00e9vsz\u00e1zadokon \u00e1t. A f\u00f6ldtud\u00f3s a felfedez\u00e9seit m\u00e1r kint a terepen is t\u00e9rk\u00e9pre rajzolta sz\u00e9p von\u00e1sokkal vagy macskakapar\u00e1ssal. A t\u00e9rk\u00e9p\u00e9szt gyakran ma is valahol a f\u00f6ldrajztud\u00f3s \u00e9s a m\u0171v\u00e9sz k\u00f6z\u00f6tt k\u00e9pzelik el a k\u00edv\u00fcl\u00e1ll\u00f3k (n\u00e9ha a bennfentesek is), aki a sz\u00ednek, vonalak, k\u00fcl\u00f6nb\u00f6z\u0151 form\u00e1j\u00fa \u00e9s nagys\u00e1g\u00fa jelek \u00e9s feliratok titokzatos nyelv\u00e9n fogalmazza meg azt, amit valaki a t\u00e9rbeli dolgokr\u00f3l k\u00f6z\u00f6lni akar m\u00e1s emberekkel. Azonban ez nem teljesen \u00edgy van: ahogy a csigavonal kanyarulataiban is megvan a Fibonacci sor, \u00fagy a t\u00e9rk\u00e9pi megjelen\u00edt\u00e9s m\u00f6g\u00f6tt is ott van a szigor\u00fa, matematika \u00e9s a tudom\u00e1nyos megfigyel\u00e9sekb\u0151l levezetett elm\u00e9let. A t\u00e9rk\u00e9p\u00e9sz olyan szakember, aki tudja, hogyan sz\u00f3ljon jelekkel a t\u00e9rk\u00e9polvas\u00f3hoz k\u00fcl\u00f6nb\u00f6z\u0151 helyzetekben. T\u00f6rekszik arra, hogy a t\u00e9rbeli inform\u00e1ci\u00f3t a lehet\u0151 leg\u00e9rthet\u0151bb m\u00f3don, helyesen \u00e9s megfelel\u0151 r\u00e9szletess\u00e9ggel t\u00fcntesse fel. Ha nem lenne t\u00e9rk\u00e9ptudom\u00e1ny, mindaz, amit a videoblogban hallhattunk, sokkal kev\u00e9sb\u00e9 lenne \u00e9rthet\u0151, m\u00e9g a szakemberek sz\u00e1m\u00e1ra is!<\/p>\n<p><a href=\"http:\/\/nyuz.elte.hu\/wp-content\/uploads\/sites\/6\/2018\/04\/Wake_Pop_density_2.png\"><img loading=\"lazy\" decoding=\"async\" class=\"aligncenter size-full wp-image-3292\" src=\"http:\/\/nyuz.elte.hu\/wp-content\/uploads\/sites\/6\/2018\/04\/Wake_Pop_density_2.png\" alt=\"\" width=\"1366\" height=\"728\" srcset=\"https:\/\/nyuz.elte.hu\/wp-content\/uploads\/sites\/6\/2018\/04\/Wake_Pop_density_2.png 1366w, https:\/\/nyuz.elte.hu\/wp-content\/uploads\/sites\/6\/2018\/04\/Wake_Pop_density_2-768x409.png 768w, https:\/\/nyuz.elte.hu\/wp-content\/uploads\/sites\/6\/2018\/04\/Wake_Pop_density_2-624x333.png 624w\" sizes=\"(max-width: 1366px) 100vw, 1366px\" \/><\/a><br \/>\nAz elm\u00falt \u00e9vtizedek inform\u00e1ci\u00f3s \u00e9s tudom\u00e1nyos forradalma a kartogr\u00e1fia, a t\u00e9rk\u00e9p\u00e9szet ter\u00fclet\u00e9n is jelent\u0151s v\u00e1ltoz\u00e1sokat hozott. Hirtelen elt\u0171ntek a hagyom\u00e1nyos, k\u00e9zzel k\u00e9sz\u00fclt t\u00e9rk\u00e9pek, a munkaeszk\u00f6z a sz\u00e1m\u00edt\u00f3g\u00e9p lett. A GIS (Geographic Information System) megjelen\u00e9s\u00e9vel egyszer\u0171v\u00e9 v\u00e1lt a helyhez kapcsol\u00f3d\u00f3 adatok gy\u0171jt\u00e9se, t\u00e1rol\u00e1sa, kezel\u00e9se, elemz\u00e9se, a levezetett inform\u00e1ci\u00f3k megjelen\u00edt\u00e9se, a f\u00f6ldrajzi jelens\u00e9gek megfigyel\u00e9se, modellez\u00e9se. Az \u00fajonnan kialakult tudom\u00e1ny\u00e1gban, a geoinformatik\u00e1ban \u00f6sszesz\u00f6v\u0151dik az \u00e9vezredes m\u00faltra visszatekint\u0151 t\u00e9rk\u00e9p\u00e9szet \u00e9s f\u00f6ldtudom\u00e1ny, valamint a sz\u00e1m\u00edt\u00e1stechnika. Ma m\u00e1r en\u00e9lk\u00fcl a term\u00e9szeti er\u0151forr\u00e1sok kutat\u00e1sa, a k\u00f6zigazgat\u00e1s, a t\u00e1rsadalmi \u00f6sszef\u00fcgg\u00e9sek elemz\u00e9se \u00e9s minden f\u00f6ldtudom\u00e1nyi szakter\u00fclet m\u0171k\u00f6d\u00e9se elk\u00e9pzelhetetlen. A m\u0171holdas t\u00e1v\u00e9rz\u00e9kel\u00e9s \u00e9s a fotogrammetria adatainak el\u0151\u00e1ll\u00edt\u00e1sa \u00e9s feldolgoz\u00e1sa szint\u00e9n hasonl\u00f3 szeml\u00e9letm\u00f3d\u00fa munkaer\u0151t k\u00edv\u00e1n, akik a mez\u0151gazdas\u00e1g, k\u00f6rnyezetv\u00e9delem, talajtan \u00e9s m\u00e9g sok m\u00e1s gyakorlati tudom\u00e1nyter\u00fclet berkein bel\u00fcl kutathatnak, dolgozhatnak.<br \/>\n\u00cdgy ha valaki t\u00e9rk\u00e9p\u00e9sz v\u00e9gzetts\u00e9g\u0171, nemcsak besz\u00e9lni fogja a t\u00e9rk\u00e9p vizualiz\u00e1ci\u00f3s nyelv\u00e9t, hanem a t\u00e9rinformatik\u00e1hoz, m\u0171holdk\u00e9pek, t\u00e1v\u00e9rz\u00e9kelt adatok elemz\u00e9s\u00e9hez is \u00e9rteni fog, mivel ezek a mai t\u00e9rk\u00e9pk\u00e9sz\u00edt\u00e9s eszk\u00f6zei \u00e9s alapadatai. Elhelyezkedhet t\u00e9rbeli adatokkal dolgoz\u00f3 c\u00e9gekn\u00e9l, a k\u00f6zigazgat\u00e1sban, de az itt szerzett ismeretei ak\u00e1r t\u00e9rinformatikai p\u00e1ly\u00e1ra is terelhetik, ahonnan a navig\u00e1ci\u00f3s eszk\u00f6z\u00f6k, \u00f6nvezet\u0151 j\u00e1rm\u0171vek gyorsan sz\u00e9lesed\u0151 ipar\u00e1ga fel\u00e9 ny\u00edlik \u00fat. Gondoljunk csak bele: a t\u00e9rk\u00e9p\u00e9szet n\u00e9lk\u00fcl\u00f6zhetetlen \u00f6sszek\u00f6t\u0151 kapocs a k\u00fcl\u00f6nb\u00f6z\u0151 term\u00e9szettudom\u00e1nyi ter\u00fcletek \u00e9s a sz\u00e1m\u00edt\u00e1stechnika k\u00f6z\u00f6tt, a t\u00e9rk\u00e9p\u00e9sz pedig olyan szakember, aki mindk\u00e9t szeml\u00e9letm\u00f3d birtok\u00e1ban van!<\/p>\n<p>A t\u00e9rk\u00e9p\u00e9szet teh\u00e1t az ELTE f\u00f6ldtudom\u00e1nyi k\u00edn\u00e1lat\u00e1nak r\u00e9sze, \u00e9s b\u00e1r f\u0151leg gyakorlatias tudom\u00e1ny, a kutat\u00f3i v\u00e9n\u00e1val meg\u00e1ldott emberek is b\u0151ven tal\u00e1lnak szakmai kih\u00edv\u00e1st benne!<\/p>\n<p style=\"text-align: right;\">Albert G\u00e1sp\u00e1r<\/p>\n<p>&nbsp;<\/p>\n","protected":false},"excerpt":{"rendered":"<p>Ez a k\u00e9rd\u00e9s kimaradt az ELTE f\u00f6ldtudom\u00e1nyi k\u00e9pz\u00e9s\u00e9t bemutat\u00f3 videoblogb\u00f3l, pedig a v\u00e1laszthat\u00f3 szakir\u00e1nyok k\u00f6z\u00f6tt ott szerepel a geofizika, geol\u00f3gia, f\u00f6ldrajz, meteorol\u00f3gia \u00e9s csillag\u00e1szat mellett. Mint v\u00e1g\u00f3k\u00e9p gyakran megjelent a filmen egy-egy r\u00e9gi vagy \u00faj t\u00e9rk\u00e9p a bemutatott f\u00f6ldtudom\u00e1nyi ter\u00fcletek illusztr\u00e1ci\u00f3jak\u00e9nt, ez pedig kiv\u00e1l\u00f3an mutatja a t\u00e9rk\u00e9p fontos szerep\u00e9t, mint kommunik\u00e1ci\u00f3s eszk\u00f6z! Izgalmas \u00e9s hosszan bemutathat\u00f3 szakma a t\u00e9rk\u00e9p\u00e9szet, amit sz\u00e1mos tud\u00f3s m\u0171velt f\u0151 kutat\u00e1sai mellett szeretetb\u0151l vagy hivat\u00e1sb\u00f3l, hiszen a t\u00e9rk\u00e9pn\u00e9l jobb m\u00e9diuma nem volt a tudom\u00e1ny m\u0171vel\u0151inek hossz\u00fa \u00e9vsz\u00e1zadokon \u00e1t. A f\u00f6ldtud\u00f3s a felfedez\u00e9seit m\u00e1r kint a terepen&hellip;<\/p>\n","protected":false},"author":53,"featured_media":0,"comment_status":"closed","ping_status":"closed","sticky":false,"template":"","format":"standard","meta":{"footnotes":""},"categories":[1,62],"tags":[],"class_list":["post-3290","post","type-post","status-publish","format-standard","hentry","category-foldal","category-hok"],"_links":{"self":[{"href":"https:\/\/nyuz.elte.hu\/index.php?rest_route=\/wp\/v2\/posts\/3290"}],"collection":[{"href":"https:\/\/nyuz.elte.hu\/index.php?rest_route=\/wp\/v2\/posts"}],"about":[{"href":"https:\/\/nyuz.elte.hu\/index.php?rest_route=\/wp\/v2\/types\/post"}],"author":[{"embeddable":true,"href":"https:\/\/nyuz.elte.hu\/index.php?rest_route=\/wp\/v2\/users\/53"}],"replies":[{"embeddable":true,"href":"https:\/\/nyuz.elte.hu\/index.php?rest_route=%2Fwp%2Fv2%2Fcomments&post=3290"}],"version-history":[{"count":1,"href":"https:\/\/nyuz.elte.hu\/index.php?rest_route=\/wp\/v2\/posts\/3290\/revisions"}],"predecessor-version":[{"id":3293,"href":"https:\/\/nyuz.elte.hu\/index.php?rest_route=\/wp\/v2\/posts\/3290\/revisions\/3293"}],"wp:attachment":[{"href":"https:\/\/nyuz.elte.hu\/index.php?rest_route=%2Fwp%2Fv2%2Fmedia&parent=3290"}],"wp:term":[{"taxonomy":"category","embeddable":true,"href":"https:\/\/nyuz.elte.hu\/index.php?rest_route=%2Fwp%2Fv2%2Fcategories&post=3290"},{"taxonomy":"post_tag","embeddable":true,"href":"https:\/\/nyuz.elte.hu\/index.php?rest_route=%2Fwp%2Fv2%2Ftags&post=3290"}],"curies":[{"name":"wp","href":"https:\/\/api.w.org\/{rel}","templated":true}]}}