{"id":3190,"date":"2018-03-04T16:04:48","date_gmt":"2018-03-04T15:04:48","guid":{"rendered":"http:\/\/nyuz.elte.hu\/?p=3190"},"modified":"2018-03-04T16:04:48","modified_gmt":"2018-03-04T15:04:48","slug":"beszelgetes-a-mentorokkal","status":"publish","type":"post","link":"https:\/\/nyuz.elte.hu\/?p=3190","title":{"rendered":"Besz\u00e9lget\u00e9s a Mentorokkal"},"content":{"rendered":"<p>&#8222;<em>Ott lenni, ha sz\u00fcks\u00e9g van r\u00e1m&#8221;<\/em><\/p>\n<p>&nbsp;<strong>Mes\u00e9lj egy kicsit magadr\u00f3l<\/strong><\/p>\n<p>\u00dcdv! Imi vagyok, harmad\u00e9ves K\u00e9mia Bsc-s hallgat\u00f3, id\u00e9n m\u00e1sodj\u00e1ra mentor. Nem szeretek magamr\u00f3l sokat besz\u00e9lni, de most megpr\u00f3b\u00e1lok valahogy er\u0151t venni magamon.<\/p>\n<p>Rengeteg minden \u00e9rdekel, s b\u00e1rmivel le tudom magam foglalni b\u00e1rhol, de ez valahogy sosem a tanul\u00e1s. Szeretem a r\u00e9gi dolgokat, de az \u00f6r\u00f6k kedvenceim mindig is az \u00f6reg szovjet metr\u00f3k lesznek. Szabadid\u0151mben pihenek, sorozatot n\u00e9zek, modellezek, vagy valami m\u00e1s hobbimmal \u00fct\u00f6m agyon az id\u0151t.<\/p>\n<p><strong>Ha \u00fajra\u00e9lhetn\u00e9l egy napot az \u00e9letedben, hova menn\u00e9l?<\/strong><\/p>\n<p>Nos erre a k\u00e9rd\u00e9sre neh\u00e9z \u00fagy v\u00e1laszolni, hogy \u00e9letem nagy r\u00e9sz\u00e9t m\u00e9g nem \u00e9ltem le. Legal\u00e1bbis rem\u00e9lem. \u00dagyhogy erre a k\u00e9rd\u00e9sre kicsit k\u00e9s\u0151bb t\u00e9rj\u00fcnk majd vissza!<\/p>\n<p><strong>Mi\u00e9rt jelentkezt\u00e9l mentornak?<\/strong><\/p>\n<p>Ez az egyetemkezd\u00e9s valljuk be, meglehet\u0151sen probl\u00e9m\u00e1s dolog, rengeteg buktat\u00f3val, csapd\u00e1val, melyeket nem nagyon lehet kiker\u00fclni. Eml\u00e9kszem \u00e9n is sokat sz\u00edvtam a fogam miatta, \u00e9s biztos vagyok benne, hogy annak az anyja, aki kital\u00e1lta ezt az eg\u00e9szet\u2026 nos, h\u00e1t\u2026 sokat csuklott. El\u00e9gg\u00e9 gyorsan, el\u00e9gg\u00e9 sok tapasztalatot szedtem \u00f6ssze az egyetem t\u00fal\u00e9l\u00e9s\u00e9r\u0151l, \u00e9s ezt szerettem volna m\u00e1sokkal is megosztani, seg\u00edteni \u0151ket az \u00e9vkezd\u00e9sben. A m\u00e1sik, hogy szeretek ismerkedni \u00e9s a mentors\u00e1g egy remek lehet\u0151s\u00e9g erre, mind a fels\u0151bb \u00e9vesek, mind a g\u00f3ly\u00e1k k\u00f6r\u00e9ben. Valamint szerettem volna egy kicsit jobban belel\u00e1tni az egyetemi \u00e9let mindennapjaiba, melyhez a Mentorrendszer kell\u0151 sz\u00e9less\u00e9g\u0171 ablakot k\u00edn\u00e1l.<\/p>\n<p><strong>Mi a benyom\u00e1sod a mentork\u00e9pz\u00e9sr\u0151l?<\/strong><\/p>\n<p>A Mentorrendszerben elt\u00f6lt\u00f6tt k\u00e9t \u00e9v ut\u00e1n el\u00e9gg\u00e9 m\u00e9ly benyom\u00e1som van r\u00f3la. K\u00e9t k\u00e9pz\u00e9st csin\u00e1ltam v\u00e9gig \u00e9s mindkett\u0151ben remek\u00fcl \u00e9reztem magam, remek programok voltak \u00e9s \u00fagy \u00e9rzem, megfelel\u0151 tud\u00e1sra is szert tett\u00fcnk. Ezen k\u00edv\u00fcl szeretett egyetem\u00fcnk m\u00e1s karjain, illetve egy\u00e9b hazai egyetemeken is vannak ismer\u0151seim, \u00e9s azt l\u00e1tom, hogy tal\u00e1n n\u00e1lunk van a legt\u00f6bb energia ford\u00edtva a k\u00e9pz\u00e9sre, \u00e9s a g\u00f3ly\u00e1kra.<\/p>\n<p><strong>Mit csin\u00e1ln\u00e1l m\u00e1sk\u00e9pp?<\/strong><\/p>\n<p>\u00cdgy ut\u00f3lag, mindent.<\/p>\n<p><strong>Ezt kifejten\u00e9d?<\/strong><\/p>\n<p>Ut\u00f3lag b\u00f6lcsebb az ember.<\/p>\n<p><strong>Mi a legfontosabb egy G\u00f3lyat\u00e1borban?<\/strong><\/p>\n<p>Szerintem egy GT-ben a legfontosabb, hogy a g\u00f3ly\u00e1k j\u00f3l \u00e9rezz\u00e9k magukat. A sz\u00edv\u00e1s az, hogy mindig lesz olyan, aki nem \u00e9rzi j\u00f3l mag\u00e1t. \u00c9n sem \u00e9reztem j\u00f3l magam a saj\u00e1t G\u00f3lyat\u00e1boromban, pedig remek GT volt \u00e9s j\u00f3 mentoraim voltak.<\/p>\n<p><strong>Mi t\u00f6rt\u00e9nik akkor, ha valaki nem j\u00f6n el GT-be,?<\/strong><\/p>\n<p>Akkor nem lesz ott. Annyi h\u00e1tr\u00e1nya lesz, hogy nehezebben fog tudni beilleszkedni egy, m\u00e1r valamelyest \u00f6sszekov\u00e1csol\u00f3dott csoportba, tal\u00e1n kicsit k\u00edv\u00fcl\u00e1ll\u00f3nak \u00e9rezheti mag\u00e1t. De ez \u00e1ltal\u00e1ban megold\u00f3dik p\u00e1r nap alatt, s mindenki megtal\u00e1lja a megfelel\u0151 kis bar\u00e1ti k\u00f6r\u00e9t.<\/p>\n<p><strong>Szerinted mi\u00e9rt vannak GT-k?<\/strong><\/p>\n<p>Fentebb m\u00e1r eml\u00edtettem, hogy a g\u00f3ly\u00e1k \u00e9rezz\u00e9k j\u00f3l magukat. Illetve az\u00e9rt vannak g\u00f3lyat\u00e1borok, hogy az els\u0151\u00e9vesek tudjanak ismerkedni egym\u00e1ssal, az id\u0151sebb szakt\u00e1rsakkal, akikt\u0151l majd tudnak seg\u00edts\u00e9get is k\u00e9rni, illetve, hogy inform\u00e1ci\u00f3t kapjanak az egyetemr\u0151l, hogy mi v\u00e1r r\u00e1juk. Tov\u00e1bb\u00e1 rendk\u00edv\u00fcl fontosnak tartom a szakos identit\u00e1s kialak\u00edt\u00e1s\u00e1t, hogy szerencs\u00e9tlen g\u00f3lya \u00e9rezze, hogy tartozik valahova, m\u00e9ghozz\u00e1 egy j\u00f3l \u00f6sszetart\u00f3 k\u00f6z\u00f6ss\u00e9gbe, amire mindig sz\u00e1m\u00edthat, legyen sz\u00f3 tanulm\u00e1nyi \u00fcgyekr\u0151l, jegyzetszerz\u00e9sr\u0151l vagy egy j\u00f3 lealjasod\u00e1sr\u00f3l.<\/p>\n<p><strong>Mes\u00e9lj egy kicsit a g\u00f3ly\u00e1idr\u00f3l, \u00e9s az els\u0151 tal\u00e1lkoz\u00e1sr\u00f3l!<\/strong><\/p>\n<p>Legyen el\u00e9g annyi, hogy sajnos nem tudok annyi id\u0151t t\u00f6lteni vel\u00fck, mint szeretn\u00e9k, de ett\u0151l f\u00fcggetlen\u00fcl b\u00e1rmiben sz\u00e1m\u00edthatnak r\u00e1m, \u00e9s k\u00f6zel \u00e1llnak a sz\u00edvemhez.<\/p>\n<p><a href=\"http:\/\/nyuz.elte.hu\/wp-content\/uploads\/sites\/6\/2018\/03\/18402209_1018419778258358_8894800550340079929_o.jpg\"><img loading=\"lazy\" decoding=\"async\" class=\"aligncenter size-full wp-image-3191\" src=\"http:\/\/nyuz.elte.hu\/wp-content\/uploads\/sites\/6\/2018\/03\/18402209_1018419778258358_8894800550340079929_o.jpg\" alt=\"\" width=\"2048\" height=\"1365\" srcset=\"https:\/\/nyuz.elte.hu\/wp-content\/uploads\/sites\/6\/2018\/03\/18402209_1018419778258358_8894800550340079929_o.jpg 2048w, https:\/\/nyuz.elte.hu\/wp-content\/uploads\/sites\/6\/2018\/03\/18402209_1018419778258358_8894800550340079929_o-768x512.jpg 768w, https:\/\/nyuz.elte.hu\/wp-content\/uploads\/sites\/6\/2018\/03\/18402209_1018419778258358_8894800550340079929_o-624x416.jpg 624w\" sizes=\"(max-width: 2048px) 100vw, 2048px\" \/><\/a><\/p>\n<p><strong>Mit\u0151l lesz valaki j\u00f3 mentor?<\/strong><\/p>\n<p>Azt hiszem, ez az a k\u00e9rd\u00e9s, ahol el lehet mondani a klis\u00e9ket. Egy j\u00f3 mentor odafigyel a g\u00f3ly\u00e1kra, seg\u00edt nekik, ha k\u00e9rd\u00e9s\u00fck van, ad jegyzetet, seg\u00edt\u0151k\u00e9sz, t\u00fcrelmes, ismeri a j\u00f3 kocsm\u00e1kat \u00e9s szereti a kevertet. Nem tudom. Ez is olyan k\u00e9rd\u00e9s, amire a g\u00f3ly\u00e1k jobban tudj\u00e1k a v\u00e1laszt. B\u00edzom benne, hogy a g\u00f3ly\u00e1im j\u00f3 mentornak tartanak engem.<\/p>\n<p><strong>Szoktad-e olvasni a Ny\u00fazt, \u00e9s szerinted mi a lap funkci\u00f3ja?<\/strong><\/p>\n<p>Igen, szoktam olvasni. Ha nem is mindig, minden cikket, de \u00fagy egyet-kett\u0151t \u00e1ltal\u00e1ban el szoktam olvasgatni. A kedvenc r\u00e9szem mindig a kifest\u0151, rem\u00e9lem az k\u00e9s\u0151bb is megmarad. Vagy az nem ez az \u00fajs\u00e1g? Am\u00fagy ezen \u00e9n is meglep\u0151dtem, de mindig v\u00e1rom az \u00faj sz\u00e1mot. A nyomtat\u00e1sban megjelen\u0151 sz\u00e1mokat szoktam forgatni, a netes kiad\u00e1sokat annyira nem.<\/p>\n<p>A lap funkci\u00f3ja \u00f6sszetett. Egyetemi \u00e9s H\u00d6K-\u00f6s dolgok k\u00f6zl\u00e9s\u00e9t\u0151l a k\u00fcl\u00f6nb\u00f6z\u0151 ismeretterjeszt\u0151 \u00e9s egyetemi \u00e9letet bemutat\u00f3, n\u00e9pszer\u0171s\u00edt\u0151 cikkeken \u00e1t a sz\u00f3rakoztat\u00e1sig, filmaj\u00e1nl\u00f3kig minden. Illetve, akinek van, az ki\u00e9lheti az \u00fajs\u00e1g\u00edr\u00f3i hajlamait.<\/p>\n<p>Meg remek\u00fcl lehet anyagot bem\u00e9rni a lapjaib\u00f3l. Felt\u00e9pkeded kis darabokra, kett\u00e9 hajtod \u00e9s r\u00e1m\u00e9red az anyagodat, majd belesz\u00f3rod a lombikba. Sz\u00f3val p\u00f6pec! Komolyan.<\/p>\n<p><strong>Halloween, G\u00f3lyahaj\u00f3, \u00dcberf\u00fazi\u00f3, G\u00f3lyab\u00e1l&#8230; Tudn\u00e1d-e rangsorolni ezeket, \u00e9s hogy mi\u00e9rt volt fontos a TTK-nak?<\/strong><\/p>\n<p>Az els\u0151 mindenk\u00e9pp a G\u00f3lyab\u00e1l. M\u00e1r csak az\u00e9rt is, mert a t\u00f6bbin id\u00e9n nem voltam.<\/p>\n<p>A kiad\u00e1sok miatt biztos fontosak. Kicsit komolyabbra ford\u00edtva a sz\u00f3t, a b\u00e1l az, ahol kicsit eleg\u00e1nsabban, kultur\u00e1ltabb k\u00f6r\u00fclm\u00e9nyek k\u00f6z\u00f6tt sz\u00f3rakozhatnak hallgat\u00f3k, meg a g\u00f3ly\u00e1knak is egy kicsit t\u00f6bbet jelent szerintem, mert m\u00e9giscsak egy b\u00e1l, ami nekik sz\u00f3l.<\/p>\n<p>Az\u00e9rt fontosak ezen esem\u00e9nyek, mert itt tal\u00e1lkozhatnak, ismerkedhetnek, mit\u00f6bb, egy\u00fctt bulizhatnak a kar k\u00fcl\u00f6nb\u00f6z\u0151 szakter\u00fcleteinek hallgat\u00f3i.<\/p>\n<p><strong>Milyen javaslatokkal \u00e9ln\u00e9l a k\u00f6vetkez\u0151 \u00e9v g\u00f3ly\u00e1inak?<\/strong><\/p>\n<p>A k\u00e9rd\u00e9sre a v\u00e1laszt egy Lenin id\u00e9zettel kezden\u00e9m: \u201eTanulni, tanulni, tanulni!\u201d K\u00f6ss\u00e9k fel a gaty\u00e1t, \u00e9s k\u00e9sz\u00fcljenek rendesen, hogy a megfelel\u0151 alaptud\u00e1ssal ker\u00fcljenek az egyetemre. Illetve tudom, hogy ez 18-19 \u00e9ves f\u0151vel m\u00e9g nem k\u00f6nny\u0171 feladat, de pr\u00f3b\u00e1lj\u00e1k meg eld\u00f6nteni, hogy mik szeretn\u00e9nek lenni, hov\u00e1 szeretn\u00e9nek menni egyetemre, \u00e9s aszerint int\u00e9zni a tanulm\u00e1nyaikat. Ezzel elker\u00fclhetik rengeteg id\u0151, p\u00e9nz, energia, \u00e9s sokszor kedv elfecs\u00e9rl\u00e9s\u00e9t. Hasznos lenne m\u00e9g egy kicsit a szoci\u00e1lis k\u00e9szs\u00e9geik fejleszt\u00e9se is, mert sajnos azt vessz\u00fck \u00e9szre, hogy a mai fiatalok egyre z\u00e1rk\u00f3zottabbak.<\/p>\n<p><strong>Ha te lenn\u00e9l a H\u00f6k-eln\u00f6k, mi lenne az els\u0151 l\u00e9p\u00e9sed?<\/strong><\/p>\n<p>Nem nagyon j\u00e1rok KGy-ra, \u00edgy \u00fagy \u00e9rzem, nem l\u00e1tok bele annyira az eln\u00f6ki munk\u00e1ba, hogy \u00e9rdemben hozz\u00e1sz\u00f3ljak. Nem tudom. Val\u00f3sz\u00edn\u0171leg lemondan\u00e9k, mert egyszer\u0171en nincs t\u00fcrelmem ahhoz, ami ezzel a tiszts\u00e9ggel j\u00e1r.<\/p>\n<p><a href=\"http:\/\/nyuz.elte.hu\/wp-content\/uploads\/sites\/6\/2018\/03\/18449295_1018429028257433_5576041496812021825_o.jpg\"><img loading=\"lazy\" decoding=\"async\" class=\"aligncenter size-full wp-image-3192\" src=\"http:\/\/nyuz.elte.hu\/wp-content\/uploads\/sites\/6\/2018\/03\/18449295_1018429028257433_5576041496812021825_o.jpg\" alt=\"\" width=\"2048\" height=\"1365\" srcset=\"https:\/\/nyuz.elte.hu\/wp-content\/uploads\/sites\/6\/2018\/03\/18449295_1018429028257433_5576041496812021825_o.jpg 2048w, https:\/\/nyuz.elte.hu\/wp-content\/uploads\/sites\/6\/2018\/03\/18449295_1018429028257433_5576041496812021825_o-768x512.jpg 768w, https:\/\/nyuz.elte.hu\/wp-content\/uploads\/sites\/6\/2018\/03\/18449295_1018429028257433_5576041496812021825_o-624x416.jpg 624w\" sizes=\"(max-width: 2048px) 100vw, 2048px\" \/><\/a><\/p>\n<p><strong>Mit gondolsz az \u00f6sszTTK-s GT-r\u0151l?<\/strong><\/p>\n<p>Szerintem teljes baroms\u00e1g, de egy ember v\u00e9lem\u00e9nye nem reprezentat\u00edv. M\u00e1r az idei TGy GT-n is azt \u00e9reztem, hogy nem tudtam elegend\u0151 id\u0151t t\u00f6lteni a saj\u00e1t k\u00e9mi\u00e1s g\u00f3ly\u00e1immal, nem volt lehet\u0151s\u00e9g\u00fcnk megismerkedni rendesen. A szakos identit\u00e1s kialak\u00edt\u00e1s\u00e1nak teljes hi\u00e1ny\u00e1r\u00f3l ne is besz\u00e9lj\u00fcnk. Olyan sokan voltunk, hogy a g\u00f3ly\u00e1k se tudt\u00e1k saj\u00e1t szakt\u00e1rsaikat megismerni. Ezek a dolgok szerintem m\u00e9g most is \u00e9rz\u0151dnek az \u00e9vfolyamon. Ett\u0151l f\u00fcggetlen\u00fcl j\u00f3 g\u00f3lyat\u00e1bor volt, \u00e9s az els\u0151\u00e9vesek, akik lent<\/p>\n<p>voltak, \u00e9lvezt\u00e9k, \u00e9s ez a fontos. \u00c9n att\u00f3l f\u00e9lek, hogy egy k\u00f6z\u00f6s GT-ben, ahol k\u00e9tszer ennyien lesz\u00fcnk, ezekre m\u00e9g kevesebb lehet\u0151s\u00e9g marad. Szerintem mentori munka szempontj\u00e1b\u00f3l nem lesz egyszer\u0171. \u00c9s a nagy l\u00e9tsz\u00e1m lehet, hogy a g\u00f3ly\u00e1knak is egy visszatart\u00f3 er\u0151.<\/p>\n<p>Ett\u0151l f\u00fcggetlen\u00fcl j\u00f3, k\u00f6r\u00fcltekint\u0151 szervez\u00e9ssel, melyhez a szakter\u00fcletek norm\u00e1lis kommunik\u00e1ci\u00f3ja \u00e9s egyet\u00e9rt\u00e9se kell, remek kis GT-t lehet \u00f6sszehozni, s b\u00e1r ak\u00e1rmennyire is szeretn\u00e9k k\u00fcl\u00f6n K\u00e9mia G\u00f3lyat\u00e1bort, az \u00f6sszTTK-s g\u00f3lyat\u00e1bor szervez\u00e9s\u00e9ben \u00e9s lebonyol\u00edt\u00e1s\u00e1ban is pr\u00f3b\u00e1lom majd a lehet\u0151 legt\u00f6bb seg\u00edts\u00e9get megadni, mint mentor, vagy volt mentor, vagy mint valamilyen szervez\u0151.<\/p>\n","protected":false},"excerpt":{"rendered":"<p>&#8222;Ott lenni, ha sz\u00fcks\u00e9g van r\u00e1m&#8221; &nbsp;Mes\u00e9lj egy kicsit magadr\u00f3l \u00dcdv! Imi vagyok, harmad\u00e9ves K\u00e9mia Bsc-s hallgat\u00f3, id\u00e9n m\u00e1sodj\u00e1ra mentor. Nem szeretek magamr\u00f3l sokat besz\u00e9lni, de most megpr\u00f3b\u00e1lok valahogy er\u0151t venni magamon. Rengeteg minden \u00e9rdekel, s b\u00e1rmivel le tudom magam foglalni b\u00e1rhol, de ez valahogy sosem a tanul\u00e1s. Szeretem a r\u00e9gi dolgokat, de az \u00f6r\u00f6k kedvenceim mindig is az \u00f6reg szovjet metr\u00f3k lesznek. Szabadid\u0151mben pihenek, sorozatot n\u00e9zek, modellezek, vagy valami m\u00e1s hobbimmal \u00fct\u00f6m agyon az id\u0151t. Ha \u00fajra\u00e9lhetn\u00e9l egy napot az \u00e9letedben, hova menn\u00e9l? Nos erre a k\u00e9rd\u00e9sre neh\u00e9z \u00fagy&hellip;<\/p>\n","protected":false},"author":68,"featured_media":0,"comment_status":"closed","ping_status":"closed","sticky":false,"template":"","format":"standard","meta":{"footnotes":""},"categories":[1],"tags":[],"class_list":["post-3190","post","type-post","status-publish","format-standard","hentry","category-foldal"],"_links":{"self":[{"href":"https:\/\/nyuz.elte.hu\/index.php?rest_route=\/wp\/v2\/posts\/3190"}],"collection":[{"href":"https:\/\/nyuz.elte.hu\/index.php?rest_route=\/wp\/v2\/posts"}],"about":[{"href":"https:\/\/nyuz.elte.hu\/index.php?rest_route=\/wp\/v2\/types\/post"}],"author":[{"embeddable":true,"href":"https:\/\/nyuz.elte.hu\/index.php?rest_route=\/wp\/v2\/users\/68"}],"replies":[{"embeddable":true,"href":"https:\/\/nyuz.elte.hu\/index.php?rest_route=%2Fwp%2Fv2%2Fcomments&post=3190"}],"version-history":[{"count":1,"href":"https:\/\/nyuz.elte.hu\/index.php?rest_route=\/wp\/v2\/posts\/3190\/revisions"}],"predecessor-version":[{"id":3193,"href":"https:\/\/nyuz.elte.hu\/index.php?rest_route=\/wp\/v2\/posts\/3190\/revisions\/3193"}],"wp:attachment":[{"href":"https:\/\/nyuz.elte.hu\/index.php?rest_route=%2Fwp%2Fv2%2Fmedia&parent=3190"}],"wp:term":[{"taxonomy":"category","embeddable":true,"href":"https:\/\/nyuz.elte.hu\/index.php?rest_route=%2Fwp%2Fv2%2Fcategories&post=3190"},{"taxonomy":"post_tag","embeddable":true,"href":"https:\/\/nyuz.elte.hu\/index.php?rest_route=%2Fwp%2Fv2%2Ftags&post=3190"}],"curies":[{"name":"wp","href":"https:\/\/api.w.org\/{rel}","templated":true}]}}