{"id":3117,"date":"2018-02-18T20:04:23","date_gmt":"2018-02-18T19:04:23","guid":{"rendered":"http:\/\/nyuz.elte.hu\/?p=3117"},"modified":"2018-02-18T20:04:23","modified_gmt":"2018-02-18T19:04:23","slug":"gyakori-kerdesek","status":"publish","type":"post","link":"https:\/\/nyuz.elte.hu\/?p=3117","title":{"rendered":"Gyakori K\u00e9rd\u00e9sek"},"content":{"rendered":"<p>Kedves Hallgat\u00f3t\u00e1rsak!<\/p>\n<p><a href=\"http:\/\/nyuz.elte.hu\/wp-content\/uploads\/sites\/6\/2018\/02\/dsad.jpg\"><img loading=\"lazy\" decoding=\"async\" class=\"aligncenter size-full wp-image-3118\" src=\"http:\/\/nyuz.elte.hu\/wp-content\/uploads\/sites\/6\/2018\/02\/dsad.jpg\" alt=\"\" width=\"750\" height=\"500\" srcset=\"https:\/\/nyuz.elte.hu\/wp-content\/uploads\/sites\/6\/2018\/02\/dsad.jpg 750w, https:\/\/nyuz.elte.hu\/wp-content\/uploads\/sites\/6\/2018\/02\/dsad-624x416.jpg 624w\" sizes=\"(max-width: 750px) 100vw, 750px\" \/><\/a><\/p>\n<p>Ism\u00e9t elj\u00f6tt egy \u00faj f\u00e9l\u00e9v, lez\u00e1rult egy v\u00e1laszt\u00e9kos jelz\u0151kkel illethet\u0151 vizsgaid\u0151szak. Mindenki t\u00fal\u00e9lte? Remek.&nbsp; Rem\u00e9lem \u00f6sszeszedt\u00e9tek az energi\u00e1itokat a regisztr\u00e1ci\u00f3s h\u00e9ten, s a t\u00e1rgyfelv\u00e9tel is sikeresen megt\u00f6rt\u00e9nt.<\/p>\n<p>A versenyjelentkez\u00e9s z\u00e1rul\u00e1s\u00e1val ut\u00f3lagos kurzusfelv\u00e9telre \u00e9s lead\u00e1sra febru\u00e1r 23-ig van lehet\u0151s\u00e9getek elektronikus k\u00e9rv\u00e9ny form\u00e1j\u00e1ban, a Neptun-\u00dcgyint\u00e9z\u00e9s-K\u00e9rv\u00e9nyek f\u00fcl alatt.<\/p>\n<p>&nbsp;Az \u00f6nk\u00f6lts\u00e9g befizet\u00e9s\u00e9nek hat\u00e1rideje m\u00e1rcius 15.<\/p>\n<p>Z\u00e1r\u00f3vizsg\u00e1ra val\u00f3 jelentkez\u00e9sre febru\u00e1r 28-ig, kiz\u00e1r\u00f3lag elektronikus k\u00e9rv\u00e9nyben van lehet\u0151s\u00e9g.<\/p>\n<p>A legt\u00f6bb \u00e9szrev\u00e9teletek a vizsgaid\u0151szak alatt a sz\u00e1monk\u00e9r\u00e9s tartalm\u00e1ra vonatkozott.&nbsp; Besz\u00e9lj\u00fcnk h\u00e1t egy kicsit t\u00f6bbet err\u0151l, hallgat\u00f3i jogokr\u00f3l, oktat\u00f3i jogokr\u00f3l \u00e9s mindk\u00e9t f\u00e9l k\u00f6telezetts\u00e9geir\u0151l.&nbsp; Az a sz\u00f3, hogy tematika, tal\u00e1n mindenki Neptunj\u00e1ban el\u0151fordult m\u00e1r, \u00e1m csak kevesen kattintanak r\u00e1. A tematika t\u00f6bbre hivatott, mint az \u00f3r\u00e1k c\u00edmeinek felsorol\u00e1sa. Ez egyfajta biztos\u00edt\u00e9krendszer mind a hallgat\u00f3k, mind az egyetemi oktat\u00f3k sz\u00e1m\u00e1ra.&nbsp; A HKR r\u00f6gz\u00edti, hogy a tematik\u00e1t a kurzus teljes\u00edt\u00e9s\u00e9hez sz\u00fcks\u00e9ges szakirodalmak megjel\u00f6l\u00e9s\u00e9vel el kell juttatni a hallgat\u00f3khoz, valamint t\u00e1j\u00e9koztat\u00e1st kell adni arr\u00f3l, hogy mik\u00e9nt lehet az adott tanegys\u00e9get teljes\u00edteni. A vizsga meghirdet\u00e9s\u00e9nek id\u0151pontj\u00e1ban a t\u00e9telsort, vagy a pontos k\u00f6vetelm\u00e9nyrendszert k\u00f6zz\u00e9 kell tenni. Ez azt jelenti, hogy a vizsga meghirdet\u00e9s\u00e9t\u0151l kezdve a tanegys\u00e9g teljes\u00edt\u00e9s\u00e9nek felt\u00e9telein nem lehet v\u00e1ltoztatni \u00e9s a kihirdetett k\u00f6vetelm\u00e9nyek, legyen az kurzus gyakorlat vagy el\u0151ad\u00e1s, mindenkire egyform\u00e1n \u00e9rv\u00e9nyesek.<\/p>\n<p>Az OHV-ban nem v\u00e9letlen\u00fcl van benne a \u201eMennyire lehetett inform\u00e1ci\u00f3t szerezni az \u00e9rt\u00e9kel\u00e9sr\u0151l?\u201d k\u00e9rd\u00e9s sem. Pontosan ezt az \u00e1tl\u00e1that\u00f3s\u00e1got szolg\u00e1lja a vizsgabetekint\u00e9s \u00e9s a kurzusk\u00f6vetelm\u00e9nyek id\u0151beni kihirdet\u00e9se. Fontos azonban, hogy ezzel a joggal tiszt\u00e1ban legy\u00fcnk \u00e9s \u00e9lj\u00fcnk vele, s ha rossz \u00e9rdemjegyet kapunk, att\u00f3l m\u00e9g ne adjunk erre a k\u00e9rd\u00e9sre kev\u00e9s pontot az oktat\u00f3nak.<\/p>\n<p>A tematik\u00e1ban foglaltak teh\u00e1t egyfajta hivatkoz\u00e1sk\u00e9nt, mank\u00f3k\u00e9nt \u00e1llnak a hallgat\u00f3k \u00e9s az oktat\u00f3k rendelkez\u00e9s\u00e9re. Ha valamelyik oktat\u00f3 nem k\u00e9sz\u00edtett ilyet, k\u00e9rj\u00e9tek meg r\u00e1, hiszen az \u0151 \u00e9rdeke is.<\/p>\n<p>A tov\u00e1bbiakban n\u00e9h\u00e1ny \u00e1ltal\u00e1nos inform\u00e1ci\u00f3 a f\u00e9l\u00e9vvel kapcsolatban. Gyakorlatok eset\u00e9n a foglalkoz\u00e1sok \u00bc-\u00e9r\u0151l lehet igazol\u00e1s n\u00e9lk\u00fcl hi\u00e1nyozni. Ez a kit\u00e9tel laborra nem vonatkozik. \u00c1ltal\u00e1noss\u00e1gban viszont nem lehet olyan k\u00f6vetelm\u00e9nyeket t\u00e1masztani, ami a gyakorlatok t\u00f6bb mint \u00be-\u00e9n val\u00f3 r\u00e9szv\u00e9telt \u00edrja el\u0151.<\/p>\n<p><a href=\"http:\/\/nyuz.elte.hu\/wp-content\/uploads\/sites\/6\/2018\/02\/dsafsdf.jpg\"><img loading=\"lazy\" decoding=\"async\" class=\"aligncenter size-full wp-image-3119\" src=\"http:\/\/nyuz.elte.hu\/wp-content\/uploads\/sites\/6\/2018\/02\/dsafsdf.jpg\" alt=\"\" width=\"500\" height=\"355\"><\/a><\/p>\n<p>Gyakori k\u00e9rd\u00e9s m\u00e9g az \u00e1tsorol\u00e1s. Az \u00e1tsorol\u00e1si id\u0151szak mindig tavaszi f\u00e9l\u00e9v ut\u00e1n esed\u00e9kes. Minek is kell megfelelni az \u00e1tsorol\u00e1s elker\u00fcl\u00e9s\u00e9hez? El\u0151sz\u00f6r is a 2016\/2017-es tan\u00e9v el\u0151tt felvetteknek az utols\u00f3 k\u00e9t akt\u00edv f\u00e9l\u00e9v\u00fck alatt teljes\u00edteni kell legal\u00e1bb 27 kreditet. Ebbe a kredit\u00e9rt\u00e9kbe a vizsgakurzusok teljes\u00edt\u00e9se is belesz\u00e1m\u00edt. A 2016\/2017-es tan\u00e9vben vagy azt k\u00f6vet\u0151en felvettek sz\u00e1m\u00e1ra ez a kreditmennyis\u00e9g 36-ra m\u00f3dosul. Ezen fel\u00fcl el kell \u00e9rni a sz\u00fcks\u00e9ges tanulm\u00e1nyi \u00e1tlagot, ami osztatlan tan\u00e1rszak eset\u00e9n 2.5, b\u00e1rmely m\u00e1s k\u00e9pz\u00e9s eset\u00e9n 2.25. Fontos hangs\u00falyozni, hogy itt egy VAGYLAGOS kit\u00e9tel \u00e1ll fenn. Teh\u00e1t ha m\u00e1r vagy a sz\u00fcks\u00e9ges kredit\u00e9rt\u00e9k, vagy az elv\u00e1rt \u00e1tlag egym\u00e1st k\u00f6vet\u0151 k\u00e9t akt\u00edv f\u00e9l\u00e9vben nem teljes\u00fcl, akkor lehet \u00e1tsorol\u00e1sra sz\u00e1m\u00edtani. De milyen lehet\u0151s\u00e9gek vannak akkor, ha m\u00e1r megt\u00f6rt\u00e9nt a baj? Ebben a f\u00e9l\u00e9vben m\u00e1jus 15-ig lehet k\u00e9rv\u00e9nyezni az \u00f6nk\u00f6lts\u00e9gfizet\u00e9s al\u00f3li mentess\u00e9get. Minden f\u00e9l\u00e9vben lehet\u0151s\u00e9g ny\u00edlik \u00f6nk\u00f6lts\u00e9gcs\u00f6kkent\u00e9st k\u00e9rni. . A k\u00e9relem elb\u00edr\u00e1l\u00e1s\u00e1ban sz\u00e1m\u00edt a tanulm\u00e1nyi \u00e1tlag, az eddigi el\u00e9gtelenek sz\u00e1ma, a h\u00e1romszori t\u00e1rgyfelv\u00e9telek sz\u00e1ma. Az alapfelt\u00e9telek:&nbsp; a kreditekkel s\u00falyozott tanulm\u00e1nyi \u00e1tlaga az el\u0151z\u0151 k\u00e9t akt\u00edv f\u00e9l\u00e9v\u00e9t tekintve mindkett\u0151ben legal\u00e1bb 4,0 legyen.<\/p>\n<p>A kedvezm\u00e9ny ig\u00e9nyl\u00e9s\u00e9re k\u00e9rv\u00e9nyt kell beny\u00fajtani az oktat\u00e1si d\u00e9k\u00e1nhelyetteshez, a szorgalmi id\u0151szak els\u0151 het\u00e9nek v\u00e9g\u00e9ig. A k\u00e9relmekr\u0151l a kari Tanulm\u00e1nyi \u00e9s Oktat\u00e1si Bizotts\u00e1g d\u00f6nt a szorgalmi id\u0151szak m\u00e1sodik het\u00e9nek v\u00e9g\u00e9ig.<\/p>\n<p>Mindenkinek hasznos \u00e9s kreditekben b\u0151velked\u0151 f\u00e9l\u00e9vet k\u00edv\u00e1nok!<\/p>\n","protected":false},"excerpt":{"rendered":"<p>Kedves Hallgat\u00f3t\u00e1rsak! Ism\u00e9t elj\u00f6tt egy \u00faj f\u00e9l\u00e9v, lez\u00e1rult egy v\u00e1laszt\u00e9kos jelz\u0151kkel illethet\u0151 vizsgaid\u0151szak. Mindenki t\u00fal\u00e9lte? Remek.&nbsp; Rem\u00e9lem \u00f6sszeszedt\u00e9tek az energi\u00e1itokat a regisztr\u00e1ci\u00f3s h\u00e9ten, s a t\u00e1rgyfelv\u00e9tel is sikeresen megt\u00f6rt\u00e9nt. A versenyjelentkez\u00e9s z\u00e1rul\u00e1s\u00e1val ut\u00f3lagos kurzusfelv\u00e9telre \u00e9s lead\u00e1sra febru\u00e1r 23-ig van lehet\u0151s\u00e9getek elektronikus k\u00e9rv\u00e9ny form\u00e1j\u00e1ban, a Neptun-\u00dcgyint\u00e9z\u00e9s-K\u00e9rv\u00e9nyek f\u00fcl alatt. &nbsp;Az \u00f6nk\u00f6lts\u00e9g befizet\u00e9s\u00e9nek hat\u00e1rideje m\u00e1rcius 15. Z\u00e1r\u00f3vizsg\u00e1ra val\u00f3 jelentkez\u00e9sre febru\u00e1r 28-ig, kiz\u00e1r\u00f3lag elektronikus k\u00e9rv\u00e9nyben van lehet\u0151s\u00e9g. A legt\u00f6bb \u00e9szrev\u00e9teletek a vizsgaid\u0151szak alatt a sz\u00e1monk\u00e9r\u00e9s tartalm\u00e1ra vonatkozott.&nbsp; Besz\u00e9lj\u00fcnk h\u00e1t egy kicsit t\u00f6bbet err\u0151l, hallgat\u00f3i jogokr\u00f3l, oktat\u00f3i jogokr\u00f3l \u00e9s mindk\u00e9t f\u00e9l k\u00f6telezetts\u00e9geir\u0151l.&nbsp; Az a sz\u00f3,&hellip;<\/p>\n","protected":false},"author":74,"featured_media":0,"comment_status":"closed","ping_status":"closed","sticky":false,"template":"","format":"standard","meta":{"footnotes":""},"categories":[1,62],"tags":[],"class_list":["post-3117","post","type-post","status-publish","format-standard","hentry","category-foldal","category-hok"],"_links":{"self":[{"href":"https:\/\/nyuz.elte.hu\/index.php?rest_route=\/wp\/v2\/posts\/3117"}],"collection":[{"href":"https:\/\/nyuz.elte.hu\/index.php?rest_route=\/wp\/v2\/posts"}],"about":[{"href":"https:\/\/nyuz.elte.hu\/index.php?rest_route=\/wp\/v2\/types\/post"}],"author":[{"embeddable":true,"href":"https:\/\/nyuz.elte.hu\/index.php?rest_route=\/wp\/v2\/users\/74"}],"replies":[{"embeddable":true,"href":"https:\/\/nyuz.elte.hu\/index.php?rest_route=%2Fwp%2Fv2%2Fcomments&post=3117"}],"version-history":[{"count":1,"href":"https:\/\/nyuz.elte.hu\/index.php?rest_route=\/wp\/v2\/posts\/3117\/revisions"}],"predecessor-version":[{"id":3120,"href":"https:\/\/nyuz.elte.hu\/index.php?rest_route=\/wp\/v2\/posts\/3117\/revisions\/3120"}],"wp:attachment":[{"href":"https:\/\/nyuz.elte.hu\/index.php?rest_route=%2Fwp%2Fv2%2Fmedia&parent=3117"}],"wp:term":[{"taxonomy":"category","embeddable":true,"href":"https:\/\/nyuz.elte.hu\/index.php?rest_route=%2Fwp%2Fv2%2Fcategories&post=3117"},{"taxonomy":"post_tag","embeddable":true,"href":"https:\/\/nyuz.elte.hu\/index.php?rest_route=%2Fwp%2Fv2%2Ftags&post=3117"}],"curies":[{"name":"wp","href":"https:\/\/api.w.org\/{rel}","templated":true}]}}