{"id":3047,"date":"2017-12-25T20:42:33","date_gmt":"2017-12-25T19:42:33","guid":{"rendered":"http:\/\/nyuz.elte.hu\/?p=3047"},"modified":"2017-12-25T20:43:26","modified_gmt":"2017-12-25T19:43:26","slug":"beszelgetes-mentorokkal","status":"publish","type":"post","link":"https:\/\/nyuz.elte.hu\/?p=3047","title":{"rendered":"Besz\u00e9lget\u00e9s mentorokkal"},"content":{"rendered":"<p><a href=\"http:\/\/nyuz.elte.hu\/wp-content\/uploads\/sites\/6\/2017\/12\/18402121_1018431444923858_5355624418657229393_o.jpg\"><img loading=\"lazy\" decoding=\"async\" class=\"aligncenter size-full wp-image-2971\" src=\"http:\/\/nyuz.elte.hu\/wp-content\/uploads\/sites\/6\/2017\/12\/18402121_1018431444923858_5355624418657229393_o.jpg\" alt=\"\" width=\"2048\" height=\"1365\" srcset=\"https:\/\/nyuz.elte.hu\/wp-content\/uploads\/sites\/6\/2017\/12\/18402121_1018431444923858_5355624418657229393_o.jpg 2048w, https:\/\/nyuz.elte.hu\/wp-content\/uploads\/sites\/6\/2017\/12\/18402121_1018431444923858_5355624418657229393_o-300x200.jpg 300w, https:\/\/nyuz.elte.hu\/wp-content\/uploads\/sites\/6\/2017\/12\/18402121_1018431444923858_5355624418657229393_o-768x512.jpg 768w, https:\/\/nyuz.elte.hu\/wp-content\/uploads\/sites\/6\/2017\/12\/18402121_1018431444923858_5355624418657229393_o-1024x683.jpg 1024w, https:\/\/nyuz.elte.hu\/wp-content\/uploads\/sites\/6\/2017\/12\/18402121_1018431444923858_5355624418657229393_o-624x416.jpg 624w\" sizes=\"(max-width: 2048px) 100vw, 2048px\" \/><\/a><\/p>\n<p><strong>\u00a0\u201e<em>ott lenni, ha sz\u00fcks\u00e9g van r\u00e1m\u201d<\/em><\/strong><\/p>\n<p><strong><em>Most, hogy v\u00e9get \u00e9r a szorgalmi id\u0151szak, \u00e9s belev\u00e1gunk a tan\u00e9v els\u0151 vizsgaid\u0151szak\u00e1ba, szerett\u00fcnk volna visszatekinteni kicsit arra, hogyan \u00e9rt\u00e9keln\u00e9k a mentorok az idei \u00e9ves munk\u00e1jukat. Ez alkalomb\u00f3l Fribiczer Cseng\u00e9vel besz\u00e9lgett\u00fcnk.<\/em><\/strong><\/p>\n<p><strong>\u00a0<\/strong><\/p>\n<p><strong>Szia Csenge!<\/strong><\/p>\n<p><strong>Mes\u00e9ln\u00e9l egy kicsit magadr\u00f3l?<\/strong><\/p>\n<p>M\u00e1sod\u00e9ves biol\u00f3gus hallgat\u00f3 vagyok, el\u0151sz\u00f6r vagyok mentor, van egy b\u00e1ty\u00e1m, vid\u00e9kik\u00e9nt jelenleg alb\u00e9rletben lakom Budapesten.<\/p>\n<p>&nbsp;<\/p>\n<p><strong>Ha \u00fajra\u00e9lhetn\u00e9l egy napot az \u00e9letedben, hova menn\u00e9l?<\/strong><\/p>\n<p>A saj\u00e1t g\u00f3lyat\u00e1borom els\u0151 napj\u00e1ra menn\u00e9k vissza. Az egy olyan \u00e9lm\u00e9ny volt, ami nagyon meghat\u00e1rozza az \u00e9letemet a mai napig. Ha m\u00e1r az els\u0151 napon tudom azt, hogy kikkel ker\u00fcl\u00f6k egy csapatba, akkor azokkal az emberekkel, akik most a legjobb bar\u00e1taim, sokkal el\u0151bb \u00e9s sokkal jobban megpr\u00f3b\u00e1lok megismerkedni a t\u00e1bor alatt.<\/p>\n<p><strong>\u00a0<\/strong><\/p>\n<p><strong>Mi\u00e9rt jelentkezt\u00e9l mentornak?<\/strong><\/p>\n<p>Hossz\u00fa dolog volt az \u00e9letemben, a b\u00e1ty\u00e1m 3 \u00e9vvel id\u0151sebb n\u00e1lam, \u00e9s amikor 11.-es voltam (17 \u00e9ves), akkor a saj\u00e1t egyetem\u00e9n kezdett el mentorkodni, \u00e9s nagyon tetszett, amit csin\u00e1lt. M\u00e1r akkor eld\u00f6nt\u00f6ttem, hogy ha lesz erre lehet\u0151s\u00e9g, akkor mindenk\u00e9pp szeretn\u00e9k \u00e9n is mentor lenni.<\/p>\n<p>&nbsp;<\/p>\n<p>Szeretek emberekkel foglalkozni, \u00e9s viszonylag j\u00f3l ki is tudok j\u00f6nni vel\u00fck.<\/p>\n<p>Amikor idej\u00f6ttem g\u00f3lyak\u00e9nt, akkor a saj\u00e1t mentoraimt\u00f3l, g\u00f3lyat\u00e1bori csapatvezet\u0151imt\u0151l egy olyan k\u00f6zeget kaptam, ami szerencs\u00e9re a mai napig megvan. Ez ritka, a legt\u00f6bb csapat sz\u00e9tsz\u00e9led, de mi valahogy egy\u00fctt maradtunk.<\/p>\n<p>&nbsp;<\/p>\n<p>Szerettem volna ezt tov\u00e1bbadni a k\u00f6vetkez\u0151 gener\u00e1ci\u00f3nak \u2013 n\u00e1luk is kialak\u00edtani egy ilyen k\u00f6z\u00f6ss\u00e9get.<\/p>\n<p>Nyilv\u00e1n ez nem csak a mentoron m\u00falik. \u00c9n mindent megpr\u00f3b\u00e1ltam beleadni.<\/p>\n<p><strong>\u00a0<\/strong><\/p>\n<p><strong>Szerinted siker\u00fclt?<\/strong><\/p>\n<p>Nagy a passzivit\u00e1s az idei g\u00f3ly\u00e1k k\u00f6z\u00f6tt, de valamilyen szinten igen \u2013 van egy-k\u00e9t g\u00f3ly\u00e1m, akik tal\u00e1n legjobb bar\u00e1toknak mondan\u00e1k egym\u00e1st.<\/p>\n<p><strong>\u00a0<\/strong><\/p>\n<p><strong>Mi a benyom\u00e1sod a mentork\u00e9pz\u00e9sr\u0151l?<\/strong><\/p>\n<p>\u00c9n szerettem minden pillanat\u00e1t, el\u00e9g sokat adott a saj\u00e1t szem\u00e9lyis\u00e9gemhez is, sok \u00faj dolgot tan\u00edtott meg. J\u00f3 volt.<\/p>\n<p><strong>\u00a0<\/strong><\/p>\n<p><strong>Mit csin\u00e1ln\u00e1l m\u00e1sk\u00e9pp?<\/strong><\/p>\n<p>Egyed\u00fcl tal\u00e1n annyit, hogy picit zavar\u00f3 volt a mentorh\u00e9tv\u00e9g\u00e9n, hogy nagyon beleesett a ballag\u00e1si id\u0151szakokba. Macer\u00e1s volt megoldani, hogy egyszerre k\u00e9t helyen legyek.<\/p>\n<p><strong>\u00a0<\/strong><\/p>\n<p><strong>Mi a legfontosabb egy G\u00f3lyat\u00e1borban?<\/strong><\/p>\n<p>A csapat\u00e9p\u00edt\u00e9s. Az, hogy a g\u00f3ly\u00e1k j\u00f3l \u00e9rezz\u00e9k magukat, \u00e9s hogy min\u00e9l t\u00f6bb embert megismerjenek \u2013 ne kezdj\u00e9k az egyetem els\u0151 napjait \u00fagy, hogy mindenki vadidegen sz\u00e1mukra.<\/p>\n<p><strong>\u00a0<\/strong><\/p>\n<p><strong>Mi t\u00f6rt\u00e9nik akkor, ha valaki nem j\u00f6n el GT-be?<\/strong><\/p>\n<p>Mentork\u00e9nt az relev\u00e1ns, hogy ut\u00e1na neh\u00e9z \u0151ket elcs\u00e1b\u00edtani a k\u00f6z\u00f6s programokra. Mi \u2013 a mentorg\u00e1rda &#8211; azon voltunk, hogy azokat is megpr\u00f3b\u00e1ljuk bevonni a k\u00f6z\u00f6ss\u00e9gi \u00e9letbe, akik nem j\u00f6ttek el a t\u00e1borba, de ilyenkor sajnos kialakul benn\u00fck az az \u00e9rz\u00e9s, hogy \u201eez nem az \u0151 t\u00e1rsas\u00e1guk \u2013 nem ismernek senkit.\u201d A b\u00e1trabb g\u00f3ly\u00e1k, akik elj\u00f6ttek, ugyan\u00fagy r\u00e9szesei lettek a csapatnak. Semmir\u0151l sem maradnak le, mert ugyan\u00fagy megvan a lehet\u0151s\u00e9g\u00fck, hogy becsatlakozzanak a k\u00f6z\u00f6ss\u00e9gi \u00e9letbe.<\/p>\n<p><strong>\u00a0<\/strong><\/p>\n<p><strong>Szerinted mi\u00e9rt vannak GT-k?<\/strong><\/p>\n<p>Legink\u00e1bb az\u00e9rt, hogy a g\u00f3lya megismerje a saj\u00e1t szakt\u00e1rsait, inform\u00e1ci\u00f3kat szerezzen az egyetemr\u0151l, hogy tudja, mibe fog belev\u00e1gni a k\u00f6vetkez\u0151 \u00e9vekben. Megk\u00f6nny\u00edti a g\u00f3lya \u00e9s az egyetem \u00e9let\u00e9t is.<\/p>\n<p><strong>\u00a0<a href=\"http:\/\/nyuz.elte.hu\/wp-content\/uploads\/sites\/6\/2017\/12\/20280414_1083604621739873_4359593481641359583_o.jpg\"><img loading=\"lazy\" decoding=\"async\" class=\"aligncenter size-full wp-image-2976\" src=\"http:\/\/nyuz.elte.hu\/wp-content\/uploads\/sites\/6\/2017\/12\/20280414_1083604621739873_4359593481641359583_o.jpg\" alt=\"\" width=\"1296\" height=\"864\" srcset=\"https:\/\/nyuz.elte.hu\/wp-content\/uploads\/sites\/6\/2017\/12\/20280414_1083604621739873_4359593481641359583_o.jpg 1296w, https:\/\/nyuz.elte.hu\/wp-content\/uploads\/sites\/6\/2017\/12\/20280414_1083604621739873_4359593481641359583_o-300x200.jpg 300w, https:\/\/nyuz.elte.hu\/wp-content\/uploads\/sites\/6\/2017\/12\/20280414_1083604621739873_4359593481641359583_o-768x512.jpg 768w, https:\/\/nyuz.elte.hu\/wp-content\/uploads\/sites\/6\/2017\/12\/20280414_1083604621739873_4359593481641359583_o-1024x683.jpg 1024w, https:\/\/nyuz.elte.hu\/wp-content\/uploads\/sites\/6\/2017\/12\/20280414_1083604621739873_4359593481641359583_o-624x416.jpg 624w\" sizes=\"(max-width: 1296px) 100vw, 1296px\" \/><\/a><\/strong><\/p>\n<p><strong>Mes\u00e9lj egy kicsit a g\u00f3ly\u00e1idr\u00f3l, \u00e9s az els\u0151 tal\u00e1lkoz\u00e1sr\u00f3l!<\/strong><\/p>\n<p>Az els\u0151 tal\u00e1lkoz\u00e1s a g\u00f3lya-mentor tal\u00e1lkoz\u00f3kon t\u00f6rt\u00e9nik meg. Az els\u0151 az izgalmas, ott szembes\u00fclsz azzal, hogy \u201emost te vagy a nagy, \u00e9s t\u00e9ged hallgatnak.\u201d Megcser\u00e9l\u0151dnek a szerepek, \u00e9s ez mindenk\u00e9pp egy j\u00f3 \u00e9rz\u00e9s, egy izgatott \u00e9rz\u00e9s. Alapj\u00e1raton \u00fagy vagyok vele, hogy nagyon szeretek \u00faj embereket megismerni, ez\u00e9rt nagyon \u00e9lveztem ezeket a g\u00f3lya-mentor tal\u00e1lkoz\u00f3kat is, \u00e9s j\u00f3 volt l\u00e1tni, hogy kik lesznek azok, akik \u00e1tveszik a hely\u00fcnket. Amikor a saj\u00e1t g\u00f3ly\u00e1imat megkaptam a t\u00e1bor els\u0151 napja el\u0151tt, az is egy v\u00e1rakoz\u00f3s, izgatott \u00e9rz\u00e9s volt, mert akkor m\u00e1r ismersz embereket, \u00e9s v\u00e1rod, hogy ki lesz az, aki a te csapatodba ker\u00fcl. K\u00edv\u00e1ncsi vagy arra, hogy tudsz vel\u00fck kij\u00f6nni, kik lesznek az \u00faj arcok, vajon mennyire fogsz tudni bel\u0151l\u00fck egy csapatot kov\u00e1csolni.<\/p>\n<p><strong>\u00a0<\/strong><\/p>\n<p><strong>Mit\u0151l lesz valaki j\u00f3 mentor?<\/strong><\/p>\n<p>Sokat gondolkoztam m\u00e1r ezen. Az els\u0151 gondolatom: egy j\u00f3 mentor szerintem kreat\u00edv. Emellett mindenk\u00e9ppen seg\u00edt\u0151k\u00e9sz, \u00e9s minden szitu\u00e1ci\u00f3t megfelel\u0151k\u00e9ppen tud kezelni. Ez\u00e9rt volt j\u00f3, hogy a mentork\u00e9pz\u00e9s sor\u00e1n rengeteg szitu\u00e1ci\u00f3val szembes\u00edtettek, \u00e9s bele kellett tudnunk gondolni, hogy ezeket a szitu\u00e1ci\u00f3kat hogyan fogjuk tudni kezelni majd a g\u00f3ly\u00e1kkal. Ez\u00e9rt is \u00e9rzem azt, hogy a mentork\u00e9pz\u00e9s sor\u00e1n lelem\u00e9nyesebb lettem, mint voltam. Nyilv\u00e1n vannak az emberi dolgok is, p\u00e9ld\u00e1ul egy j\u00f3 mentor mindig pr\u00f3b\u00e1ljon meg ott lenni, ha sz\u00fcks\u00e9g van r\u00e1, de ne adja a s\u00fclt galambot a g\u00f3lya sz\u00e1j\u00e1ba.<\/p>\n<p><strong>K\u00e9sz\u00fcltetek-e valahogy a bioszos tanterv m\u00f3dos\u00edt\u00e1sra?<\/strong><\/p>\n<p>Az idei g\u00f3ly\u00e1k benne vannak egy tutori rendszerben is, ahol kapnak egy fiatalos oktat\u00f3t, aki k\u00fcl\u00f6nb\u00f6z\u0151 tan\u00e1csokkal l\u00e1tja el \u0151ket, \u00e9s vannak heti egyszer csoportos foglalkoz\u00e1sok, ahol a mentorok \u00e9s a tan\u00e1rok is ott vannak. Sajnos az egy\u00fcttm\u0171k\u00f6d\u00e9st m\u00e9g fejleszteni kell, de b\u00edzom benne, hogy ez a k\u00f6vetkez\u0151 f\u00e9l\u00e9vekben fokozatosan jobb, \u00e9s jobb lesz. A tanterv m\u00f3dos\u00edt\u00e1ssal kapcsolatban is k\u00e9sz\u00fclt\u00fcnk k\u00fcl\u00f6n, \u00f6ssze\u00fclt\u00fcnk Mikl\u00f3si \u00c1d\u00e1m int\u00e9zm\u00e9nyigazgat\u00f3val, \u00e9s sokat besz\u00e9lgett\u00fcnk err\u0151l a tutori rendszerr\u0151l, \u00e9s arr\u00f3l, hogy ez hogyan fog tudni m\u0171k\u00f6dni. Sok oktat\u00f3ban csak most tudatosult, hogy van egy hallgat\u00f3i mentorrendszer. Megkaptuk az \u00faj tantervet, de igaz\u00e1b\u00f3l, amikor ez az eg\u00e9sz elkezd\u0151d\u00f6tt \u00e9lesben (a TO felvette a g\u00f3ly\u00e1knak a t\u00e1rgyakat), akkor volt az a pillanat, amikor mi is v\u00e9gre teljes m\u00e9rt\u00e9kben k\u00e9pben lett\u00fcnk azzal, hogy mi t\u00f6rt\u00e9nik vel\u00fck.<\/p>\n<p><strong>\u00a0<\/strong><\/p>\n<p><strong>Mi a k\u00f6vetkez\u0151 l\u00e9p\u00e9s most a szak \u00e9let\u00e9ben?<\/strong><\/p>\n<p>Sajnos erre neh\u00e9z v\u00e1laszolni, mert m\u00e9g mi sem tudjuk biztosan, hogy mi fog t\u00f6rt\u00e9nni. M\u00e9g nincsenek konkr\u00e9tumok, pl. a tutori rendszerrel kapcsolatban. Az biztos, hogy a szaknak t\u00f6rekednie kell arra, hogy az oktat\u00f3k sokkal jobban k\u00e9pben legyenek azzal, hogy mit \u00e9rt\u00fcnk a hallgat\u00f3i mentorrendszer alatt, \u00e9s hogy l\u00e1ss\u00e1k, hogy mi foglalkozunk a g\u00f3ly\u00e1kkal.<\/p>\n<p><strong>\u00a0<a href=\"http:\/\/nyuz.elte.hu\/wp-content\/uploads\/sites\/6\/2017\/12\/20369507_1083604525073216_6506467330659260469_o.jpg\"><img loading=\"lazy\" decoding=\"async\" class=\"aligncenter size-full wp-image-2977\" src=\"http:\/\/nyuz.elte.hu\/wp-content\/uploads\/sites\/6\/2017\/12\/20369507_1083604525073216_6506467330659260469_o.jpg\" alt=\"\" width=\"1296\" height=\"864\" srcset=\"https:\/\/nyuz.elte.hu\/wp-content\/uploads\/sites\/6\/2017\/12\/20369507_1083604525073216_6506467330659260469_o.jpg 1296w, https:\/\/nyuz.elte.hu\/wp-content\/uploads\/sites\/6\/2017\/12\/20369507_1083604525073216_6506467330659260469_o-300x200.jpg 300w, https:\/\/nyuz.elte.hu\/wp-content\/uploads\/sites\/6\/2017\/12\/20369507_1083604525073216_6506467330659260469_o-768x512.jpg 768w, https:\/\/nyuz.elte.hu\/wp-content\/uploads\/sites\/6\/2017\/12\/20369507_1083604525073216_6506467330659260469_o-1024x683.jpg 1024w, https:\/\/nyuz.elte.hu\/wp-content\/uploads\/sites\/6\/2017\/12\/20369507_1083604525073216_6506467330659260469_o-624x416.jpg 624w\" sizes=\"(max-width: 1296px) 100vw, 1296px\" \/><\/a><\/strong><\/p>\n<p><strong>Szoktad-e olvasni a Ny\u00fazt, \u00e9s szerinted mi a lap funkci\u00f3ja?<\/strong><\/p>\n<p>Szoktam olvasni, \u00e9s szeretem is a Ny\u00fazt, sok \u00faj inform\u00e1ci\u00f3t megoszt az olvas\u00f3ival. Ismeretterjeszt\u00e9s szinten, H\u00d6K-\u00f6s \u00fcgyekr\u0151l. Vicces visszaolvasni, amit megbesz\u00e9l\u00fcnk a H\u00d6K k\u00fcld\u00f6ttgy\u0171l\u00e9s\u00e9n, mivel ismerem a h\u00e1tt\u00e9rsztorit, \u00e9s l\u00e1tni, ami ebb\u0151l megjelenik az \u00fajs\u00e1gban \u00f6sszefoglal\u00f3k\u00e9nt. A tudom\u00e1nyos t\u00e9m\u00e1kat is nagyon szeretem. A kedvencem viszont mindenk\u00e9pp a h\u00e1tulj\u00e1n l\u00e9v\u0151 k\u00e9preg\u00e9ny.<\/p>\n<p><strong>\u00a0<\/strong><\/p>\n<p><strong>Halloween, G\u00f3lyahaj\u00f3, \u00dcberf\u00fazi\u00f3, G\u00f3lyab\u00e1l&#8230; Tudn\u00e1d-e rangsorolni ezeket, \u00e9s hogy mi\u00e9rt volt fontos a TTK-nak?<\/strong><\/p>\n<p>A legjobb \u00e9s legfontosabb szerintem a g\u00f3lyab\u00e1l volt, b\u00e1r elt\u0171nt a piros tornacsuk\u00e1m. G\u00f3lyak\u00e9nt is ez volt az egyik legfontosabb buliz\u00e1sunk. Fontoss\u00e1gilag ut\u00e1na tal\u00e1n a G\u00f3lyahaj\u00f3 j\u00f6n, ami kicsit n\u00edv\u00f3sabb, nagyobb kaliber\u0171 rendezv\u00e9ny, \u00e9s fontosabb a g\u00f3ly\u00e1k \u00e9let\u00e9ben. \u00c9n is \u00e9lveztem, \u00e9s \u00fagy t\u0171nt, hogy a g\u00f3ly\u00e1knak is nagyon tetszik, nagyon szeretik. Az \u00dcberf\u00fazi\u00f3 \u00e9s a Halloween k\u00f6z\u00f6tt nem tudok v\u00e1lasztani, a Halloween j\u00f3 volt, mert be\u00f6lt\u00f6zt\u00fcnk nagyon sokan. Az \u00dcberf\u00fazi\u00f3 pedig az\u00e9rt kell \u00e9s fontos, mert benne van a nev\u00e9ben, hogy \u201ef\u00fazi\u00f3\u201d, a l\u00e9nyege az, hogy fuzion\u00e1ljunk m\u00e1s szakter\u00fcletekkel.<\/p>\n<p><strong>\u00a0<\/strong><\/p>\n<p><strong>Milyen javaslatokkal \u00e9ln\u00e9l a k\u00f6vetkez\u0151 \u00e9v g\u00f3ly\u00e1inak?<\/strong><\/p>\n<p>Merjenek. Merjenek r\u00e9szt venni az egyetemi \u00e9letben, \u00e9s megismerkedni \u00faj emberekkel. Ezt mondtam a saj\u00e1t g\u00f3ly\u00e1imnak is, az egyetemi \u00e9let akkor a legjobb, \u00e9s akkor a leg\u00e9lhet\u0151bb, ha bar\u00e1tokkal veszed k\u00f6rbe magad.<\/p>\n<p><strong>\u00a0<\/strong><\/p>\n<p><strong>Nem biztos, hogy lesz id\u00e9n B\u00f3dvar\u00e1k\u00f3, mit gondolsz err\u0151l?<\/strong><\/p>\n<p>Mint bioszos, \u00e9s mint mentor, \u00e9s mint ember, aki k\u00e9tszer lent volt m\u00e1r \u00e9let\u00e9ben R\u00e1k\u00f3n, azt mondom, hogy sz\u00e9p R\u00e1k\u00f3, \u00e9s a sz\u00edvem cs\u00fccske, mint b\u00e1rki m\u00e1snak. Sajogni fog a sz\u00edvem, de ennek ellen\u00e9re bel\u00e1ttam azt, hogy FF-nek \u00e9s a biosznak engednie kell a t\u00f6bbi szakter\u00fcletnek, nem szabad r\u00e1er\u0151ltetn\u00fcnk magunkat m\u00e1sokra. Ennek ellen\u00e9re nagyon boldog lenn\u00e9k, ha benne lenne a t\u00f6bbi szakter\u00fclet is, hogy \u201eR\u00e1k\u00f3n\u201d legyen a GT. A R\u00e1k\u00f3z\u00e1s olyan dolog, amit mindenkinek meg kell tapasztalnia el\u0151bb, miel\u0151tt kritiz\u00e1lja, mert a legt\u00f6bb ember \u00fagy j\u00f6n haza, hogy vissza akar menni, amint hazaj\u00f6tt.<\/p>\n<p><a href=\"http:\/\/nyuz.elte.hu\/wp-content\/uploads\/sites\/6\/2017\/12\/18358749_1018422934924709_4764138621783866828_o.jpg\"><img loading=\"lazy\" decoding=\"async\" class=\"aligncenter size-full wp-image-2969\" src=\"http:\/\/nyuz.elte.hu\/wp-content\/uploads\/sites\/6\/2017\/12\/18358749_1018422934924709_4764138621783866828_o.jpg\" alt=\"\" width=\"2048\" height=\"1365\" srcset=\"https:\/\/nyuz.elte.hu\/wp-content\/uploads\/sites\/6\/2017\/12\/18358749_1018422934924709_4764138621783866828_o.jpg 2048w, https:\/\/nyuz.elte.hu\/wp-content\/uploads\/sites\/6\/2017\/12\/18358749_1018422934924709_4764138621783866828_o-300x200.jpg 300w, https:\/\/nyuz.elte.hu\/wp-content\/uploads\/sites\/6\/2017\/12\/18358749_1018422934924709_4764138621783866828_o-768x512.jpg 768w, https:\/\/nyuz.elte.hu\/wp-content\/uploads\/sites\/6\/2017\/12\/18358749_1018422934924709_4764138621783866828_o-1024x683.jpg 1024w, https:\/\/nyuz.elte.hu\/wp-content\/uploads\/sites\/6\/2017\/12\/18358749_1018422934924709_4764138621783866828_o-624x416.jpg 624w\" sizes=\"(max-width: 2048px) 100vw, 2048px\" \/><\/a><\/p>\n<p><strong>\u201d&#8230;<em>H\u00edd a karok k\u00f6z\u00f6tt is&#8230;\u201d<\/em><\/strong><\/p>\n<p><strong><em>Ezut\u00e1n felkerest\u00fck a m\u00falt kedden az \u00e9v k\u00fcl\u00fcgyi mentor\u00e1nak megv\u00e1laszott Hud\u00e1ky M\u00e1rtont, hogy \u0150 is besz\u00e9ljen egy kicsit arr\u00f3l, hogyan \u00e9rt\u00e9keln\u00e9 az elm\u00falt f\u00e9l\u00e9vet, \u00e9s hogyan l\u00e1tja a k\u00fcl\u00fcgyi mentorrendszer j\u00f6v\u0151j\u00e9t.<\/em><\/strong><\/p>\n<p><strong>\u00a0<\/strong><\/p>\n<p><strong>Szia, Marci!<\/strong><\/p>\n<p><strong>Mes\u00e9lj egy kicsit magadr\u00f3l!<\/strong><\/p>\n<p>Harmad\u00e9ves k\u00e9mia szakos hallgat\u00f3 vagyok, \u00e1prilisban jelentkeztem k\u00fcl\u00fcgyi mentornak, az\u00f3ta is akt\u00edvan tev\u00e9kenykedem.<\/p>\n<p><strong>\u00a0<a href=\"http:\/\/nyuz.elte.hu\/wp-content\/uploads\/sites\/6\/2017\/12\/esn2.jpg\"><img loading=\"lazy\" decoding=\"async\" class=\"aligncenter size-full wp-image-3003\" src=\"http:\/\/nyuz.elte.hu\/wp-content\/uploads\/sites\/6\/2017\/12\/esn2.jpg\" alt=\"\" width=\"960\" height=\"593\" srcset=\"https:\/\/nyuz.elte.hu\/wp-content\/uploads\/sites\/6\/2017\/12\/esn2.jpg 960w, https:\/\/nyuz.elte.hu\/wp-content\/uploads\/sites\/6\/2017\/12\/esn2-300x185.jpg 300w, https:\/\/nyuz.elte.hu\/wp-content\/uploads\/sites\/6\/2017\/12\/esn2-768x474.jpg 768w, https:\/\/nyuz.elte.hu\/wp-content\/uploads\/sites\/6\/2017\/12\/esn2-624x385.jpg 624w\" sizes=\"(max-width: 960px) 100vw, 960px\" \/><\/a><\/strong><\/p>\n<p><strong>Van-e esetleg kutat\u00e1si ter\u00fcleted?<\/strong><\/p>\n<p>Jelenleg az MTA ELTE Komplex K\u00e9miai Rendszerek kutat\u00f3csoportban dolgozom, \u00e9s ott egy spektroszk\u00f3piai valid\u00e1l\u00f3program fejleszt\u00e9se a feladatom. Ehhez nagyr\u00e9szt informatikai tud\u00e1sra van sz\u00fcks\u00e9g (webfejleszt\u00e9s). \u00c9ppen ez\u00e9rt sok \u00f3r\u00e1t hallgatok az IK-n is, azzal a ter\u00fclettel is ismerkedem.<\/p>\n<p><strong>\u00a0<\/strong><\/p>\n<p><strong>Mi\u00e9rt jelentkezt\u00e9l k\u00fcl\u00fcgyi mentornak?<\/strong><\/p>\n<p>Szeretn\u00e9m fejleszteni az angoltud\u00e1somat, amire j\u00f3 lehet\u0151s\u00e9g ny\u00edlik, hiszen ak\u00e1r anyanyelvi szinten besz\u00e9l\u0151 k\u00fclf\u00f6ldiekkel is tal\u00e1lkozhatok, illetve programokat szervezhetek, megismerkedhetek m\u00e1s kult\u00far\u00e1kkal. Az ESN ezeknek mind nagyon j\u00f3 terepet ad.<\/p>\n<p><strong>\u00a0<\/strong><\/p>\n<p><strong>Mi az az ESN?<\/strong><\/p>\n<p>Az ESN az Erasmus Student Network r\u00f6vid\u00edt\u00e9se. Ez Eur\u00f3pa legnagyobb di\u00e1kszervezete, amit arra hoztak l\u00e9tre, hogy az \u00f6szt\u00f6nd\u00edjjal k\u00fclf\u00f6ldre utaz\u00f3 di\u00e1kok beilleszked\u00e9s\u00e9t az adott kult\u00far\u00e1ba seg\u00edts\u00e9k. Az ESN-nek sz\u00e1mos egyetem\u00e9n is k\u00f6zpontjai alakultak ki, \u00e9s \u00edgy az ESN ELTE is egy t\u00f6bb, mint 200 tagb\u00f3l \u00e1ll\u00f3 szervezet m\u00e1r. A kari k\u00fcl\u00fcgyi mentorrendszer is ebbe a szervezetbe tagoz\u00f3dik bele.<\/p>\n<p><strong>\u00a0<\/strong><\/p>\n<p><strong>Hogyan kell elk\u00e9pzelni egy k\u00fcl\u00fcgyi mentor h\u00e9tk\u00f6znapjait?<\/strong><\/p>\n<p>A k\u00fcl\u00fcgyi mentoros tev\u00e9kenys\u00e9get leggyakrabban csak babysitterked\u00e9sk\u00e9nt szokt\u00e1k elk\u00e9pzelni. Pap\u00edrmunka, de ha egy picivel t\u00f6bb energi\u00e1t tud belefektetni az ember, enn\u00e9l m\u00e1r t\u00f6bbet jelenthet. Tud val\u00f3di kapcsolatokat teremteni, valamint szervez\u00e9si tapasztalatai is lehetnek, ami nekem volt a nemzetk\u00f6zi g\u00f3lyanap, a k\u00f6z\u00f6s belv\u00e1rosi kincskeres\u0151s t\u00fara, vagy m\u00e1s ESN-es alkalmak. \u00dagy \u00e9rzem, hogy itt az ESN-ben igen pezsg\u0151 \u00e9let van, \u00e9s sok mindenre van lehet\u0151s\u00e9g.<\/p>\n<p><strong>\u00a0<\/strong><\/p>\n<p><strong>Mit\u0151l lesz valaki j\u00f3 k\u00fcl\u00fcgyi mentor?<\/strong><\/p>\n<p>&nbsp;<\/p>\n<p>A k\u00fcl\u00fcgyi mentorokn\u00e1l els\u0151dleges a j\u00f3 kommunik\u00e1ci\u00f3s k\u00e9pess\u00e9g, hiszen a vil\u00e1g minden t\u00e1j\u00e1r\u00f3l \u00e9rkez\u0151 di\u00e1kokkal sz\u00f3t kell \u00e9rteni\u00fck, ehhez sz\u00fcks\u00e9g\u00fck van a megfelel\u0151 angoltud\u00e1sra is. Mivel az \u00e9rkez\u0151 di\u00e1kok is nyitottak a kommunik\u00e1ci\u00f3ra, azt gondolom, hogy a legfontosabb tulajdons\u00e1g egy\u00e9rtelm\u0171en a motiv\u00e1ci\u00f3, hogy az ember nyitott legyen, \u00e9s szeressen ismerkedni. A nyelvtud\u00e1st \u00e9s a kommunik\u00e1ci\u00f3s k\u00e9pess\u00e9geket gyorsan el lehet saj\u00e1t\u00edtani.<\/p>\n<p><strong>\u00a0<\/strong><\/p>\n<p><strong>Mit kellene a kari k\u00fcl\u00fcgyi mentorrendszeren a k\u00f6vetkez\u0151 f\u00e9l\u00e9vkezd\u00e9sre fejleszteni?<\/strong><\/p>\n<p>A kari k\u00fcl\u00fcgyi rendszernek egy\u00e9rtelm\u0171 keretrendszere \u00e9s int\u00e9zm\u00e9nyes\u00edt\u00e9se biztos pozit\u00edv hat\u00e1st gyakorolna. \u00cdgy p\u00e9ld\u00e1ul, ha tal\u00e1ln\u00e1nk k\u00f6z\u00f6sen megp\u00e1ly\u00e1zhat\u00f3 \u00f6szt\u00f6nd\u00edjakat, ami motiv\u00e1ln\u00e1 az embereket, illetve a felv\u00e9teli rendszern\u00e9l egy jobban bej\u00e1ratott k\u00f6vetelm\u00e9nyrendszert tudn\u00e1nk t\u00e1masztani,biztos, hogy kicsit professzion\u00e1lisabb\u00e1 tenn\u00e9nk a rendszert. Most rendk\u00edv\u00fcl lelkes emberek alkotj\u00e1k a csapatot, akik mindent megtesznek az\u00e9rt, hogy mindenki megtudjon minden inform\u00e1ci\u00f3t, de ezeknek egyfajta egys\u00e9ges\u00edt\u00e9se biztos, hogy megk\u00f6nny\u00edten\u00e9 a feladatunkat.<\/p>\n<p><strong>\u00a0<\/strong><\/p>\n<p><strong>Milyen mentoros workshopokon vett\u00e9l eddig r\u00e9szt?<\/strong><\/p>\n<p>Az ESN-ben m\u00e1r sz\u00e1mos workshopon vettem r\u00e9szt, amik mind k\u00fcl\u00f6nb\u00f6z\u0151 k\u00e9pess\u00e9geket voltak hivatottak fejleszteni, \u00edgy p\u00e9ld\u00e1ul gyakorolhattam a nyilv\u00e1nos besz\u00e9det, vagy p\u00e9ld\u00e1ul a csapat\u00e9p\u00edt\u00e9sr\u0151l volt egy workshopunk, mag\u00e1val az ESN Hungary orsz\u00e1gos eln\u00f6k\u00e9vel. Ez a szervezet sok lehet\u0151s\u00e9get ny\u00fajt arra is, hogy az ember k\u00fcl\u00f6nb\u00f6z\u0151 szitu\u00e1ci\u00f3kban kipr\u00f3b\u00e1lhassa mag\u00e1t.<\/p>\n<p><strong>\u00a0<\/strong><\/p>\n<p><strong>P\u00e9ld\u00e1ul milyen szitu\u00e1ci\u00f3kban?<\/strong><\/p>\n<p>Szerintem nagyon fontos tapasztalat, hogy az ember egy \u00e1ll\u00e1sinterj\u00fahoz hasonl\u00f3 felv\u00e9teli rendszeren megy kereszt\u00fcl, ami j\u00e1r egy \u00f6n\u00e9letrajz, ill. egy motiv\u00e1ci\u00f3s lev\u00e9l meg\u00edr\u00e1s\u00e1val \u00e9s egy angol nyelv\u0171 interj\u00faval.<\/p>\n<p>&nbsp;<\/p>\n<p>Sokszor ker\u00fcl\u00fcnk olyan helyzetbe is, amikor t\u00f6bb emberrel kell besz\u00e9ln\u00fcnk, egyeztetn\u00fcnk vagy valamilyen programot megszervezn\u00fcnk. K\u00fcl\u00f6n\u00f6sen tetszik, hogy az ESN-ben a magasabb vezet\u0151k is gyakran k\u00e9rnek visszajelz\u00e9st \u00e9s tan\u00e1csot t\u0151l\u00fcnk, hogy mit gondolunk a tev\u00e9kenys\u00e9g\u00fckr\u0151l.<\/p>\n<p><strong>\u00a0<\/strong><\/p>\n<p><strong>Hogyan tudn\u00e1l visszaeml\u00e9kezni a te felv\u00e9teli interj\u00fadra?<\/strong><\/p>\n<p>Olyan szempontb\u00f3l egy kicsit furcsa \u00e9s v\u00e1ratlan volt, hogy val\u00f3ban nem tudtam, mire sz\u00e1m\u00edtsak azon k\u00edv\u00fcl, hogy angolul kell besz\u00e9lnem. Val\u00f3j\u00e1ban nem is olyan k\u00e9rd\u00e9seket tettek fel, amire az ember k\u00e9sz\u00fclni tudna, hanem arra voltak k\u00edv\u00e1ncsiak, hogy milyen reakci\u00f3ink vannak meglep\u0151 szitu\u00e1ci\u00f3kban. Amit m\u00e1sk\u00e9pp csin\u00e1ln\u00e9k, hogyha v\u00e1ltoztathatn\u00e9k a felv\u00e9teli rendszeren, az az lenne, hogy el\u0151zetesen n\u00e9mi t\u00e1rgyi tud\u00e1st is kiadn\u00e9k a felv\u00e9teliz\u0151nek, \u00e9s megk\u00f6veteln\u00e9m ezt a felv\u00e9teli alkalm\u00e1val. Ez egyr\u00e9szt seg\u00edti azon dolgoknak az \u00f6sszefoglal\u00e1s\u00e1t, amit egy k\u00fcl\u00fcgyi mentornak tudnia kell, m\u00e1sr\u00e9szt pedig ad egy t\u00e1rgyal\u00e1si alapot, amir\u0151l r\u00f6gt\u00f6n lehet besz\u00e9lni, illetve tal\u00e1n egy kis magabiztoss\u00e1got is annak a felv\u00e9teliz\u0151nek, aki ezt a n\u00e9h\u00e1ny dolgot megtanulta.<\/p>\n<p><strong>\u00a0<\/strong><\/p>\n<p><strong>Melyik volt a kedvenc esem\u00e9nyed, \u00e9s mi\u00e9rt?<\/strong><\/p>\n<p>Nekem a mentort\u00e1bor volt a kedvenc esem\u00e9nyem, ami most okt\u00f3ber v\u00e9g\u00e9n volt. Itt nem voltak nemzetk\u00f6zi di\u00e1kok, csak mentorok az \u00f6sszes karr\u00f3l. Nagyon hasznos \u00e9s egyben kellemes k\u00e9t nap volt, amit egy\u00fctt t\u00f6lt\u00f6tt\u00fcnk, itt \u00fagy \u00e9reztem, hogy az ESN nemcsak a magyarorsz\u00e1giak \u00e9s a k\u00fclf\u00f6ldiek k\u00f6z\u00f6tt h\u00edd, hanem a karok k\u00f6z\u00f6tt is, mert eddig nem vettem r\u00e9szt olyan esem\u00e9nyen, amin ennyire k\u00f6z\u00f6sen megjelentek volna az ELTE-s karok hallgat\u00f3i.<\/p>\n<p><strong>\u00a0<\/strong><\/p>\n<p><strong>Mik a legnagyobb kih\u00edv\u00e1sok k\u00fcl\u00fcgyi mentork\u00e9nt?<\/strong><\/p>\n<p>K\u00fcl\u00fcgyi mentork\u00e9nt az a legnehezebb, amikor az egyik k\u00fclf\u00f6ldi di\u00e1k t\u00e9nyleg t\u00f6bb seg\u00edts\u00e9get ig\u00e9nyel, mint amennyire neked hallgat\u00f3k\u00e9nt id\u0151d \u00e9s er\u0151d van. Ezt kezelni kell, lehet ilyenkor seg\u00edts\u00e9get k\u00e9rni a t\u00f6bbi mentort\u00e1rsadt\u00f3l, de alapvet\u0151en r\u00e1 kell b\u00edrni \u0151ket, \u00e9s meg lehet mondani nekik azt, hogy vannak olyan feladatok, amiket magukt\u00f3l is el tudnak v\u00e9gezni. Ezt meg is \u00e9rtik ilyenkor. Ha azt mondja az ember, hogy nyissa meg a Google Maps-et, \u00e9s meg tudja tal\u00e1lni azt a helyet, amit t\u0151lem k\u00e9rdez, akkor \u0151k is \u00e9szreveszik, hogy ez egy megoldhat\u00f3 feladat.<\/p>\n<p><strong>\u00a0<\/strong><\/p>\n<p><strong>Nagyj\u00e1b\u00f3l h\u00e1ny mentor\u00e1ltad van ebben a f\u00e9l\u00e9vben, \u00e9s milyen orsz\u00e1gokb\u00f3l j\u00f6ttek?<\/strong><\/p>\n<p>Jelenleg 4 akt\u00edv mentor\u00e1ltam van, akikkel foglalkozom. Van egy olasz sr\u00e1c, egy angol l\u00e1ny, \u00e9s k\u00e9t l\u00e1ny Indi\u00e1b\u00f3l.<\/p>\n<p><strong>\u00a0<\/strong><\/p>\n<p><strong>Ilyenkor, f\u00e9l\u00e9v v\u00e9g\u00e9n van m\u00e9g, amiben kell nekik seg\u00edteni?<\/strong><\/p>\n<p>Nem, igaz\u00e1b\u00f3l a f\u00e9l\u00e9v elej\u00e9n volt sok a munka, a f\u00e9l\u00e9v v\u00e9g\u00e9n m\u00e1r csak megh\u00edvom \u0151ket az egyes esem\u00e9nyekre, \u00e9s ott nemcsak velem tal\u00e1lkozhatnak, hanem mindenki m\u00e1ssal is. A munka \u00edgy v\u00e9g\u00fclis megoszlik az emberek k\u00f6z\u00f6tt, \u00e9s nem kell senkinek se t\u00falv\u00e1llalnia mag\u00e1t.<\/p>\n<p><strong>\u00a0<\/strong><\/p>\n<p><strong>Azt hallottam, hogy kapt\u00e1l nemr\u00e9g valamilyen d\u00edjat, err\u0151l akarsz besz\u00e9lni?<\/strong><\/p>\n<p>H\u00e1t, nem&#8230; Na j\u00f3! Kaptam egy \u201e\u00e9v k\u00fcl\u00fcgyi mentora\u201d d\u00edjat a TTK-n bel\u00fcl, de \u00fagy \u00e9rzem, hogy m\u00e9g nem tettem meg mindent, hogy ki\u00e9rdemeljem.<\/p>\n<p><strong>\u00a0<\/strong><\/p>\n<p><strong>Szerinted miben k\u00e9ne m\u00e9g fejl\u0151dn\u00f6d?<\/strong><\/p>\n<p>Nem alak\u00edtottam ki nagyon szem\u00e9lyes kapcsolatot k\u00fclf\u00f6ldiekkel, aminek r\u00e9szben id\u0151hi\u00e1ny volt az oka, viszont nagyon tetszenek az ESN-en bel\u00fcl ad\u00f3d\u00f3 szervez\u00e9si feladatok.<\/p>\n<p>&nbsp;<\/p>\n<p>Szeretn\u00e9k a programok szervez\u00e9s\u00e9ben is m\u00e9g akt\u00edvabb szerepet v\u00e1llalni, mert eddig csak megval\u00f3s\u00edt\u00f3k\u00e9nt vettem r\u00e9szt a programokon, sz\u00edvesen r\u00e9szt venn\u00e9k \u00f6tletgazdak\u00e9nt is, vagy ak\u00e1r teljes szervez\u00e9si feladatok ell\u00e1t\u00e1s\u00e1ban.<\/p>\n<p><strong>\u00a0<\/strong><\/p>\n<p><strong>Hogyan k\u00e9pzeled a j\u00f6v\u0151det az ESN-ben?<\/strong><\/p>\n<p>Mindenk\u00e9ppen szeretn\u00e9k az ESN-ben tov\u00e1bbi feladatokat v\u00e1llalni, m\u00e9g nem pontosan tudom, hogy milyen ir\u00e1nyban, de ak\u00e1r a programszervez\u00e9sben, vagy a weboldalfejleszt\u00e9sben is sz\u00edvesen r\u00e9szt venn\u00e9k. Ennek els\u0151 l\u00e9p\u00e9se, ha az ember csatlakozik az adott munkacsoporthoz, \u00e9s ott jobban megismerkedik azzal, hogy milyen feladatokat v\u00e1llalhat az adott ter\u00fcleten.<\/p>\n<p><strong>\u00a0<a href=\"http:\/\/nyuz.elte.hu\/wp-content\/uploads\/sites\/6\/2017\/12\/ESN_Halle_Team_Juli15_neu-1.jpg\"><img loading=\"lazy\" decoding=\"async\" class=\"aligncenter size-full wp-image-3048\" src=\"http:\/\/nyuz.elte.hu\/wp-content\/uploads\/sites\/6\/2017\/12\/ESN_Halle_Team_Juli15_neu-1.jpg\" alt=\"\" width=\"900\" height=\"564\" srcset=\"https:\/\/nyuz.elte.hu\/wp-content\/uploads\/sites\/6\/2017\/12\/ESN_Halle_Team_Juli15_neu-1.jpg 900w, https:\/\/nyuz.elte.hu\/wp-content\/uploads\/sites\/6\/2017\/12\/ESN_Halle_Team_Juli15_neu-1-300x188.jpg 300w, https:\/\/nyuz.elte.hu\/wp-content\/uploads\/sites\/6\/2017\/12\/ESN_Halle_Team_Juli15_neu-1-768x481.jpg 768w, https:\/\/nyuz.elte.hu\/wp-content\/uploads\/sites\/6\/2017\/12\/ESN_Halle_Team_Juli15_neu-1-624x391.jpg 624w\" sizes=\"(max-width: 900px) 100vw, 900px\" \/><\/a><\/strong><\/p>\n<p><strong>Mint k\u00e9mi\u00e1s, akt\u00edv vagy-e a k\u00e9mikus k\u00f6z\u00e9letben?<\/strong><\/p>\n<p>R\u00e9szt veszek a Szakter\u00fcleti Csoportmegbesz\u00e9l\u00e9seken, \u00edgy \u00e9rtes\u00fcl\u00f6k a legfontosabb dolgokr\u00f3l, n\u00e9ha teszek javaslatokat, hogy a k\u00e9pvisel\u0151knek milyen m\u00f3don kellene az \u00e9rdekeinket \u00e9rv\u00e9nyes\u00edteni.<\/p>\n<p><strong>\u00a0<\/strong><\/p>\n<p><strong>Mit gondolsz arr\u00f3l, hogy id\u00e9n k\u00f6z\u00f6s kari G\u00f3lyat\u00e1bor lesz?<\/strong><\/p>\n<p>Azt gondolom, hogy nagyon nagy kih\u00edv\u00e1s lesz ezt megszervezni a k\u00fcl\u00f6nb\u00f6z\u0151 szakos identit\u00e1sok miatt. J\u00f3l tudjuk, hogy ha egy BTK-st k\u00e9rdez\u00fcnk meg, hogy hova j\u00e1r, akkor azt mondja, hogy a BTK-ra. Ha k\u00e9mi\u00e1st, azt fogja mondani, hogy k\u00e9mi\u00e1ra. Ez az\u00e9rt van, mert n\u00e1lunk er\u0151sebb a szakter\u00fcletek identit\u00e1sa, mint a karnak. El\u00e9g bonyolult k\u00e9rd\u00e9s, hogy ez j\u00f3-e \u00edgy, \u00e9s olyan szempontb\u00f3l, hogy az egyes szakon lev\u0151 hallgat\u00f3k tudj\u00e1k seg\u00edteni egym\u00e1st, mindenk\u00e9pp a szakos g\u00f3lyat\u00e1borok lenn\u00e9nek el\u0151ny\u00f6sebbek.<\/p>\n<p>&nbsp;<\/p>\n<p>Azt gondolom, hogy akkor lehet hat\u00e9kony az \u00f6sszTTK-s GT, ha szakos identit\u00e1s j\u00f6n l\u00e9tre, legal\u00e1bb az els\u0151 k\u00e9t napon, \u00e9s akkor meg tudj\u00e1k ismerni egym\u00e1st \u00fagy az adott szak hallgat\u00f3i, hogy amikor bemennek az egyetemre, akkor ne idegenek k\u00f6z\u00f6tt \u00e9rezz\u00e9k magukat az els\u0151 \u00f3r\u00e1ikon.<\/p>\n<p><strong>\u00a0<\/strong><\/p>\n<p><strong>Z\u00e1r\u00e1sk\u00e9nt arra szeretn\u00e9lek megk\u00e9rni, hogy mes\u00e9ld el a legjobb k\u00fcl\u00fcgyi mentoros \u00e9lm\u00e9nyedet!<\/strong><\/p>\n<p>Nekem a legeml\u00e9kezetesebb t\u00f6rt\u00e9netem k\u00fcl\u00fcgyi mentork\u00e9nt err\u0151l a f\u00e9l\u00e9vr\u0151l, amikor az egyik indiai mentor\u00e1ltamat k\u00eds\u00e9rtem a koll\u00e9gium fel\u00e9, \u00e9s szembetal\u00e1lkoztunk a m\u00e1sik indiai mentor\u00e1ltammal, aki pedig a t\u00e9mavezet\u0151j\u00e9vel besz\u00e9lgetett. Az indiai akcentust meg\u00e9rteni szerintem egyik\u00fcnknek sem volt k\u00f6nny\u0171 feladat, \u00e9s amikor felismert\u00fck egym\u00e1st, gyorsan \u00e1tv\u00e1ltottunk angolr\u00f3l magyar, illetve indiai nyelvre, \u00fagy kommunik\u00e1ltuk egym\u00e1s fel\u00e9 az aktu\u00e1lis k\u00e9rd\u00e9seket, mint pl. merre tal\u00e1ljuk a koll\u00e9giumot, \u00e9s hasonl\u00f3k.<\/p>\n<p>&nbsp;<\/p>\n<p>&nbsp;<\/p>\n","protected":false},"excerpt":{"rendered":"<p>\u00a0\u201eott lenni, ha sz\u00fcks\u00e9g van r\u00e1m\u201d Most, hogy v\u00e9get \u00e9r a szorgalmi id\u0151szak, \u00e9s belev\u00e1gunk a tan\u00e9v els\u0151 vizsgaid\u0151szak\u00e1ba, szerett\u00fcnk volna visszatekinteni kicsit arra, hogyan \u00e9rt\u00e9keln\u00e9k a mentorok az idei \u00e9ves munk\u00e1jukat. Ez alkalomb\u00f3l Fribiczer Cseng\u00e9vel besz\u00e9lgett\u00fcnk. \u00a0 Szia Csenge! Mes\u00e9ln\u00e9l egy kicsit magadr\u00f3l? M\u00e1sod\u00e9ves biol\u00f3gus hallgat\u00f3 vagyok, el\u0151sz\u00f6r vagyok mentor, van egy b\u00e1ty\u00e1m, vid\u00e9kik\u00e9nt jelenleg alb\u00e9rletben lakom Budapesten. &nbsp; Ha \u00fajra\u00e9lhetn\u00e9l egy napot az \u00e9letedben, hova menn\u00e9l? A saj\u00e1t g\u00f3lyat\u00e1borom els\u0151 napj\u00e1ra menn\u00e9k vissza. Az egy olyan \u00e9lm\u00e9ny volt, ami nagyon meghat\u00e1rozza az \u00e9letemet a mai napig. Ha m\u00e1r&hellip;<\/p>\n","protected":false},"author":68,"featured_media":0,"comment_status":"closed","ping_status":"closed","sticky":false,"template":"","format":"standard","meta":{"footnotes":""},"categories":[1,58],"tags":[],"class_list":["post-3047","post","type-post","status-publish","format-standard","hentry","category-foldal","category-interju"],"_links":{"self":[{"href":"https:\/\/nyuz.elte.hu\/index.php?rest_route=\/wp\/v2\/posts\/3047"}],"collection":[{"href":"https:\/\/nyuz.elte.hu\/index.php?rest_route=\/wp\/v2\/posts"}],"about":[{"href":"https:\/\/nyuz.elte.hu\/index.php?rest_route=\/wp\/v2\/types\/post"}],"author":[{"embeddable":true,"href":"https:\/\/nyuz.elte.hu\/index.php?rest_route=\/wp\/v2\/users\/68"}],"replies":[{"embeddable":true,"href":"https:\/\/nyuz.elte.hu\/index.php?rest_route=%2Fwp%2Fv2%2Fcomments&post=3047"}],"version-history":[{"count":1,"href":"https:\/\/nyuz.elte.hu\/index.php?rest_route=\/wp\/v2\/posts\/3047\/revisions"}],"predecessor-version":[{"id":3049,"href":"https:\/\/nyuz.elte.hu\/index.php?rest_route=\/wp\/v2\/posts\/3047\/revisions\/3049"}],"wp:attachment":[{"href":"https:\/\/nyuz.elte.hu\/index.php?rest_route=%2Fwp%2Fv2%2Fmedia&parent=3047"}],"wp:term":[{"taxonomy":"category","embeddable":true,"href":"https:\/\/nyuz.elte.hu\/index.php?rest_route=%2Fwp%2Fv2%2Fcategories&post=3047"},{"taxonomy":"post_tag","embeddable":true,"href":"https:\/\/nyuz.elte.hu\/index.php?rest_route=%2Fwp%2Fv2%2Ftags&post=3047"}],"curies":[{"name":"wp","href":"https:\/\/api.w.org\/{rel}","templated":true}]}}