{"id":2934,"date":"2017-12-05T16:31:35","date_gmt":"2017-12-05T15:31:35","guid":{"rendered":"http:\/\/nyuz.elte.hu\/?p=2934"},"modified":"2017-12-05T16:31:35","modified_gmt":"2017-12-05T15:31:35","slug":"az-elet-csodaszep","status":"publish","type":"post","link":"https:\/\/nyuz.elte.hu\/?p=2934","title":{"rendered":"Az \u00e9let csodasz\u00e9p"},"content":{"rendered":"<p><a href=\"http:\/\/nyuz.elte.hu\/wp-content\/uploads\/sites\/6\/2017\/12\/az1.jpg\"><img loading=\"lazy\" decoding=\"async\" class=\"aligncenter size-full wp-image-2936\" src=\"http:\/\/nyuz.elte.hu\/wp-content\/uploads\/sites\/6\/2017\/12\/az1.jpg\" alt=\"\" width=\"1598\" height=\"834\" srcset=\"https:\/\/nyuz.elte.hu\/wp-content\/uploads\/sites\/6\/2017\/12\/az1.jpg 1598w, https:\/\/nyuz.elte.hu\/wp-content\/uploads\/sites\/6\/2017\/12\/az1-300x157.jpg 300w, https:\/\/nyuz.elte.hu\/wp-content\/uploads\/sites\/6\/2017\/12\/az1-768x401.jpg 768w, https:\/\/nyuz.elte.hu\/wp-content\/uploads\/sites\/6\/2017\/12\/az1-1024x534.jpg 1024w, https:\/\/nyuz.elte.hu\/wp-content\/uploads\/sites\/6\/2017\/12\/az1-624x326.jpg 624w\" sizes=\"(max-width: 1598px) 100vw, 1598px\" \/><\/a><\/p>\n<p><strong>Kar\u00e1csonyi film, egy kicsit m\u00e1sk\u00e9pp<\/strong><\/p>\n<p><strong>\u00cdgy, hogy a rekl\u00e1mokba, \u00fajs\u00e1gokba, pl\u00e1z\u00e1kba \u00e9s mindenhova meg\u00e9rkezett a kar\u00e1csony, ideje, hogy mi is szor\u00edtsunk neki egy kis helyet magunkban, a vizsgaid\u0151szak izgalmai mellett. \u00c9s mi m\u00e1s lehetne ebben seg\u00edts\u00e9g\u00fcnkre, mint egy hideg h\u00e9tv\u00e9gi est\u00e9n a paplan al\u00e1 bevackolva egy kaka\u00f3\/forr\u00f3csoki mellett egy j\u00f3 kis kar\u00e1csonyi film. <\/strong><\/p>\n<p>B\u00e1r manaps\u00e1g a modern kar\u00e1csonyi anim\u00e1ci\u00f3s filmek, mint p\u00e9ld\u00e1ul a Kar\u00e1csony Arthur, meg hasonl\u00f3k \u00e9lik vir\u00e1gkorukat, vagy a tipikus kar\u00e1csonyi v\u00edgj\u00e1t\u00e9kok, mint a T\u00e9lapu, vagy a Reszkessetek bet\u00f6r\u0151k, \u00e9n most m\u00e9gis kicsit r\u00e9gebbre ny\u00faln\u00e9k vissza, eg\u00e9szen 1946-ig a Frank Capra \u00e1ltal rendezett Az \u00e9let csodasz\u00e9p (It\u2019s a wonderful life) c\u00edm\u0171 filmig. Mivel sokunk sz\u00fclei se sz\u00fclettek m\u00e9g meg ekkor, nem untatn\u00e1m az olvas\u00f3kat a sz\u00edn\u00e9szg\u00e1rda neveivel.<\/p>\n<p>A film mellesleg 1 Golden-globe d\u00edjjal gazdagodott 1947-ben, tov\u00e1bb\u00e1 5 Oscar-d\u00edjra jel\u00f6lt\u00e9k, teh\u00e1t ha nem is lesz mindenki kedvence, 2 \u00f3r\u00e1t mindenk\u00e9pp meg\u00e9ri \u00e1ldozni r\u00e1 az \u00e9let\u00fcnkb\u0151l.<\/p>\n<p>Ideje is r\u00e1t\u00e9rni a t\u00f6rt\u00e9netre, hiszen \u201erem\u00e9lhet\u0151leg\u201d sokan m\u00e1r a k\u00f6rm\u00fcket ler\u00e1gva v\u00e1rj\u00e1k, hogy megtudhass\u00e1k mire is kaphatott egy \u201ekar\u00e1csonyi t\u00e9m\u00e1j\u00fa amerikai csal\u00e1di dr\u00e1ma\u201d ennyi d\u00edjat \u00e9s figyelmet.<\/p>\n<p><a href=\"http:\/\/nyuz.elte.hu\/wp-content\/uploads\/sites\/6\/2017\/12\/the_apartment_4.jpg\"><img loading=\"lazy\" decoding=\"async\" class=\"aligncenter size-full wp-image-2935\" src=\"http:\/\/nyuz.elte.hu\/wp-content\/uploads\/sites\/6\/2017\/12\/the_apartment_4.jpg\" alt=\"\" width=\"1322\" height=\"848\" srcset=\"https:\/\/nyuz.elte.hu\/wp-content\/uploads\/sites\/6\/2017\/12\/the_apartment_4.jpg 1322w, https:\/\/nyuz.elte.hu\/wp-content\/uploads\/sites\/6\/2017\/12\/the_apartment_4-300x192.jpg 300w, https:\/\/nyuz.elte.hu\/wp-content\/uploads\/sites\/6\/2017\/12\/the_apartment_4-768x493.jpg 768w, https:\/\/nyuz.elte.hu\/wp-content\/uploads\/sites\/6\/2017\/12\/the_apartment_4-1024x657.jpg 1024w, https:\/\/nyuz.elte.hu\/wp-content\/uploads\/sites\/6\/2017\/12\/the_apartment_4-624x400.jpg 624w\" sizes=\"(max-width: 1322px) 100vw, 1322px\" \/><\/a><\/p>\n<p>A film abb\u00f3l a szempontb\u00f3l is k\u00fcl\u00f6nlegesnek mondhat\u00f3, hogy az els\u0151 1 \u00f3ra 17 percben sz\u00f3 sincs kar\u00e1csonyr\u00f3l, \u00e1m semmi ok a p\u00e1nikra, az utols\u00f3 53 percben behozza jelent\u0151s lemarad\u00e1s\u00e1t, \u00e9s m\u00e1r csak egy kis h\u00f3es\u00e9s kell, amit csod\u00e1lhatunk az ablakon kereszt\u00fcl, \u00edgy v\u00e9g\u00fcl m\u00e1r akarattal sem \u0171zhetj\u00fck ki magunkb\u00f3l az adventi hangulatot eg\u00e9szen a k\u00f6vetkez\u0151 vizsgaid\u0151szakig.<\/p>\n<p>F\u0151szerepl\u0151nk, George Bailey \u00e9let\u00e9t\u00e9nek kulcsmozzanatait eg\u00e9szen fiatalkor\u00e1t\u00f3l v\u00e9gigk\u00eds\u00e9rhetj\u00fck Clarence Odbody \u201em\u00e1sodoszt\u00e1ly\u00fa angyal\u201d \u00e9s a f\u0151angyalok szemsz\u00f6g\u00e9b\u0151l. Apja egy csal\u00e1di v\u00e1llalkoz\u00e1st vezet, a Bailey \u00c9p\u00edt\u00e9si \u00e9s Hitel c\u00e9get, mely a rendk\u00edv\u00fcl gazdag \u00e9s zsugori Mr. Potterrel dacolva seg\u00edt a v\u00e1rosiaknak, hogy meg\u00e9p\u00edthess\u00e9k otthonaikat. George-r\u00f3l m\u00e1r fiatalon, a helyi gy\u00f3gyszer\u00e9sz seg\u00e9djek\u00e9nt is kider\u00fcl, hogy mindent megtesz az\u00e9rt, hogy seg\u00edthessen m\u00e1sokon. K\u00e9s\u0151bb, apja hal\u00e1la ut\u00e1n, egyetemi tanulm\u00e1nyait feladva veszi \u00e1t a c\u00e9get, kij\u00e1tszva \u00e9s megsz\u00e9gyen\u00edtve Mr. Pottert. Persze szerelmi sz\u00e1l is van a t\u00f6rt\u00e9netben \u2013 a romantikus lelkek kedv\u00e9\u00e9rt \u2013, de ezt meghagyom meglepet\u00e9snek. J\u00f3 p\u00e1r \u00e9vvel k\u00e9s\u0151bb, mikor Szenteste a p\u00e9nzt\u00e1rellen\u0151rz\u00e9s el\u0151tt kider\u00fcl, hogy hi\u00e1ny van a p\u00e9nzt\u00e1rban, \u00e9s cs\u0151delj\u00e1r\u00e1s fenyegeti a c\u00e9get, George besokall, \u00e9s \u00fagy d\u00f6nt \u00f6ngyilkoss\u00e1got k\u00f6vet el, hogy az \u00e9letbiztos\u00edt\u00e1s\u00e1b\u00f3l helyre\u00e1ll\u00edthass\u00e1k a c\u00e9get. Ekkor l\u00e9p be a t\u00f6rt\u00e9netbe Clerence akit azzal b\u00edznak meg a f\u0151angyalok, hogy megmentse George-ot. A kezdeti n\u00e9zetelt\u00e9r\u00e9sek ut\u00e1n az angyal megmutatja George-nak, milyen lenne a vil\u00e1g, ha \u0151 meg se sz\u00fcletett volna. A v\u00e1ros Mr. Potter uralma al\u00e1 ker\u00fcl, George r\u00e9gi f\u0151n\u00f6ke koldusbotra jut, a v\u00e1ros teljesen \u00e1talakul, azok a csal\u00e1dok, akiken a c\u00e9ge seg\u00edtett \u00edns\u00e9gben \u00e9lnek, \u00e9s m\u00e9g sz\u00e1mos p\u00e9ld\u00e1t l\u00e1thatunk arra, hogy milyen \u201enyomor\u00fas\u00e1gos\u201d lenne a vil\u00e1g George Bailey n\u00e9lk\u00fcl.<br \/>\nB\u00e1r sokat elmes\u00e9ltem a t\u00f6rt\u00e9netb\u0151l, maradjon egy kis izgalom azoknak, akiknek felkeltette az \u00e9rdekl\u0151d\u00e9s\u00e9t ez a kis \u00edr\u00e1s. B\u00e1r nem gy\u0151z\u00f6m hangs\u00falyozni, mennyire m\u00e1s ez a film, mint amilyenekhez sokan szoktak, tal\u00e1n pont ez az ami megragadja az embert. Nincs t\u00falbonyol\u00edtva, nincsenek \u00e1rnyalatok, \u00e9s m\u00e9g hisz abban hogy a j\u00f3tettek v\u00e9g\u00fcl megh\u00e1l\u00e1ltatnak.<\/p>\n<p><em>It\u2019s a wonderful life (amerikai), romantikus film, 1946, 130 perc<br \/>\n<\/em><em>Rendez\u0151: Frank Capra<br \/>\n<\/em><em>Forgat\u00f3k\u00f6nyv\u00edr\u00f3: Frank Capra, Frances Goodrich, Albert Hackett, Jo Swerling<br \/>\n<\/em><em>Szerepl\u0151k:\u00a0<\/em><em>James Stewart, Donna Reed, Lionel Barrymore, Henry Travers<br \/>\nPontsz\u00e1m: 7.<\/em><\/p>\n<p style=\"text-align: right;\">G\u00e1l N\u00f3ra<\/p>\n<p style=\"text-align: right;\">gal.nora@nyuz.elte.hu<\/p>\n","protected":false},"excerpt":{"rendered":"<p>Kar\u00e1csonyi film, egy kicsit m\u00e1sk\u00e9pp \u00cdgy, hogy a rekl\u00e1mokba, \u00fajs\u00e1gokba, pl\u00e1z\u00e1kba \u00e9s mindenhova meg\u00e9rkezett a kar\u00e1csony, ideje, hogy mi is szor\u00edtsunk neki egy kis helyet magunkban, a vizsgaid\u0151szak izgalmai mellett. \u00c9s mi m\u00e1s lehetne ebben seg\u00edts\u00e9g\u00fcnkre, mint egy hideg h\u00e9tv\u00e9gi est\u00e9n a paplan al\u00e1 bevackolva egy kaka\u00f3\/forr\u00f3csoki mellett egy j\u00f3 kis kar\u00e1csonyi film. B\u00e1r manaps\u00e1g a modern kar\u00e1csonyi anim\u00e1ci\u00f3s filmek, mint p\u00e9ld\u00e1ul a Kar\u00e1csony Arthur, meg hasonl\u00f3k \u00e9lik vir\u00e1gkorukat, vagy a tipikus kar\u00e1csonyi v\u00edgj\u00e1t\u00e9kok, mint a T\u00e9lapu, vagy a Reszkessetek bet\u00f6r\u0151k, \u00e9n most m\u00e9gis kicsit r\u00e9gebbre ny\u00faln\u00e9k vissza, eg\u00e9szen 1946-ig&hellip;<\/p>\n","protected":false},"author":53,"featured_media":0,"comment_status":"closed","ping_status":"closed","sticky":false,"template":"","format":"standard","meta":{"footnotes":""},"categories":[41,1],"tags":[],"class_list":["post-2934","post","type-post","status-publish","format-standard","hentry","category-hazimozizona","category-foldal"],"_links":{"self":[{"href":"https:\/\/nyuz.elte.hu\/index.php?rest_route=\/wp\/v2\/posts\/2934"}],"collection":[{"href":"https:\/\/nyuz.elte.hu\/index.php?rest_route=\/wp\/v2\/posts"}],"about":[{"href":"https:\/\/nyuz.elte.hu\/index.php?rest_route=\/wp\/v2\/types\/post"}],"author":[{"embeddable":true,"href":"https:\/\/nyuz.elte.hu\/index.php?rest_route=\/wp\/v2\/users\/53"}],"replies":[{"embeddable":true,"href":"https:\/\/nyuz.elte.hu\/index.php?rest_route=%2Fwp%2Fv2%2Fcomments&post=2934"}],"version-history":[{"count":1,"href":"https:\/\/nyuz.elte.hu\/index.php?rest_route=\/wp\/v2\/posts\/2934\/revisions"}],"predecessor-version":[{"id":2937,"href":"https:\/\/nyuz.elte.hu\/index.php?rest_route=\/wp\/v2\/posts\/2934\/revisions\/2937"}],"wp:attachment":[{"href":"https:\/\/nyuz.elte.hu\/index.php?rest_route=%2Fwp%2Fv2%2Fmedia&parent=2934"}],"wp:term":[{"taxonomy":"category","embeddable":true,"href":"https:\/\/nyuz.elte.hu\/index.php?rest_route=%2Fwp%2Fv2%2Fcategories&post=2934"},{"taxonomy":"post_tag","embeddable":true,"href":"https:\/\/nyuz.elte.hu\/index.php?rest_route=%2Fwp%2Fv2%2Ftags&post=2934"}],"curies":[{"name":"wp","href":"https:\/\/api.w.org\/{rel}","templated":true}]}}