{"id":2917,"date":"2017-12-05T16:20:03","date_gmt":"2017-12-05T15:20:03","guid":{"rendered":"http:\/\/nyuz.elte.hu\/?p=2917"},"modified":"2017-12-05T16:27:12","modified_gmt":"2017-12-05T15:27:12","slug":"just-dance-hungary","status":"publish","type":"post","link":"https:\/\/nyuz.elte.hu\/?p=2917","title":{"rendered":"\u00a0Just Dance Hungary"},"content":{"rendered":"<p><a href=\"http:\/\/nyuz.elte.hu\/wp-content\/uploads\/sites\/6\/2017\/12\/just-dance-hungary.jpg\"><img loading=\"lazy\" decoding=\"async\" class=\"aligncenter size-full wp-image-2921\" src=\"http:\/\/nyuz.elte.hu\/wp-content\/uploads\/sites\/6\/2017\/12\/just-dance-hungary.jpg\" alt=\"\" width=\"1280\" height=\"720\" srcset=\"https:\/\/nyuz.elte.hu\/wp-content\/uploads\/sites\/6\/2017\/12\/just-dance-hungary.jpg 1280w, https:\/\/nyuz.elte.hu\/wp-content\/uploads\/sites\/6\/2017\/12\/just-dance-hungary-300x169.jpg 300w, https:\/\/nyuz.elte.hu\/wp-content\/uploads\/sites\/6\/2017\/12\/just-dance-hungary-768x432.jpg 768w, https:\/\/nyuz.elte.hu\/wp-content\/uploads\/sites\/6\/2017\/12\/just-dance-hungary-1024x576.jpg 1024w, https:\/\/nyuz.elte.hu\/wp-content\/uploads\/sites\/6\/2017\/12\/just-dance-hungary-624x351.jpg 624w\" sizes=\"(max-width: 1280px) 100vw, 1280px\" \/><\/a><\/p>\n<p><strong>Az elveszett Rasputin sz\u00e1m nyom\u00e1ban<\/strong><\/p>\n<p><em>M\u00e1r 8 \u00e9ve, hogy megjelent a nagysiker\u0171 Just Dance nev\u0171 videoj\u00e1t\u00e9k. A j\u00e1t\u00e9k alap\u00f6tlete az, hogy lek\u00f6vess\u00fck a k\u00e9perny\u0151n tal\u00e1lhat\u00f3 t\u00e1nckoreogf\u00e1ri\u00e1t, t\u00fck\u00f6rszer\u0171en ut\u00e1nozva mozdulatokat.<br \/>\n<\/em><em>Az \u00e9vfordul\u00f3 alkalm\u00e1b\u00f3l a Just Dance Hungary-b\u0151l a TTK-s Ign\u00e1cz Bernadettel besz\u00e9lgett\u00fcnk<\/em><\/p>\n<p><strong>Mes\u00e9lj nek\u00fcnk n\u00e9h\u00e1ny mondatot magadr\u00f3l!<\/strong><\/p>\n<p>Sziasztok, Detti vagyok, ELTE TTK f\u00f6ldtudom\u00e1nyi alapszakos hallgat\u00f3. 2014-ben kezdtem, \u00e9s most csillag\u00e1sz szakir\u00e1nyon vagyok. Emmellett az MTA-n\u00e1l szoktam demonstr\u00e1torkodni is, a <em>Csillag\u00e1szati \u00e9s F\u00f6ldtudom\u00e1nyi Kutat\u00f3k\u00f6zpont <\/em>sz\u00edneiben.<br \/>\nA hobbim a t\u00e1nc, \u00e9ppen ez\u00e9rt is fogott meg a Just Dance, mint j\u00e1t\u00e9k, m\u00e1r be is szereztem m\u00e1rciusban egy X-Boxot.<\/p>\n<p><strong>Pontosan mi az a Just Dance, \u00e9s te hogyan ismerkedt\u00e9l meg a j\u00e1t\u00e9kkal?<\/strong><\/p>\n<p>M\u00e9g nagyon r\u00e9gen, 2009-ben, amikor kij\u00f6tt Nintendo WII-re az els\u0151 Just Dance j\u00e1t\u00e9k. Akkor m\u00e9g csak az egyik kezet vette be a konzol, \u00e9s t\u00e1vir\u00e1ny\u00edt\u00f3val kellett ir\u00e1ny\u00edtani. Egy ismer\u0151s\u00f6mnek megvolt, hozz\u00e1 j\u00e1rtunk. Anime Conokra j\u00e1rtam versenyezni \u00e9s t\u00e1ncolni. Volt egy kis sz\u00fcnet, azt\u00e1n k\u00e9t \u00e9ve az Anime Kar\u00e1csonyon megismertem a Just Dance Hungaryseket.<\/p>\n<p>Eld\u00f6nt\u00f6ttem, hogy csatlakozni szeretn\u00e9k.<\/p>\n<p><strong>Hogyan l\u00e9pt\u00e9l be?<\/strong><\/p>\n<p>Odamentem hozz\u00e1juk, mert egyenp\u00f3l\u00f3juk volt. Mondt\u00e1k, hogy minden h\u00e9tf\u0151n tartanak Just Dance Partyt a Sch\u00f6nherz koliban. Mondjuk vid\u00e9kik\u00e9nt ez nem olyan k\u00f6nny\u0171, de igyekeztem min\u00e9l t\u00f6bbsz\u00f6r elj\u00e1rni az alkalmakra.<strong>\u00a0<\/strong><\/p>\n<p><strong>Hogyan kell elk\u00e9pzelni manaps\u00e1g a k\u00f6z\u00f6ss\u00e9get?<\/strong><\/p>\n<p>K\u00e9t r\u00e9szre bonthat\u00f3. Van egy sch\u00f6nherzes kolis Just Dance k\u00f6r. A koliban az esem\u00e9nyeket \u0151k szervezik, de sokan vagyunk \u00fagymond k\u00fcls\u0151s\u00f6k is. Emellett szoktunk menni k\u00fcls\u0151sk\u00e9nt m\u00e1shova is. Voltunk most Kecskem\u00e9ten RealGamers-en, ny\u00e1ron szervezt\u00fcnk szabadt\u00e9ri Just Dance Nightot a Bik\u00e1s Parkban, illetve m\u00e1r rendszeresen jelen vagyunk LEN-en \u00e9s EFOTT-on is; ilyenkor mindig nagyon sok \u00faj ember tud megismerkedni a j\u00e1t\u00e9kkal, \u00e9s esetleg becsatlakozni a k\u00f6z\u00f6ss\u00e9gbe.<\/p>\n<p><strong>M\u00e1s-e ez, miben, \u00e9s mennyivel, mint egy standard di\u00e1kszervezet?<\/strong><\/p>\n<p>Vannak nemdi\u00e1kok, ez\u00e9rt nem mondan\u00e1m di\u00e1kszervezetnek. Nagyon sokan vagyunk, akik m\u00e1r dolgoznak \u00e9s \u00edgy visszaj\u00e1rnak. J\u00f3 lenne, ha ez kicsit t\u00f6bb lenne, mint egy di\u00e1kszervezet, hogy tudjunk szervezni komolyabb rendezv\u00e9nyeket is.<\/p>\n<p><strong>Komolyabb rendezv\u00e9nyeket?<\/strong><\/p>\n<p>P\u00e9ld\u00e1ul vil\u00e1gbajnoks\u00e1gra magyarorsz\u00e1gi selejtez\u0151t \/ el\u0151d\u00f6nt\u0151t. Jelenleg itthon a vil\u00e1gbajnoks\u00e1gra online lehet nevezni, \u00e9s akinek a legt\u00f6bb pontja van, azt bev\u00e1lasztj\u00e1k r\u00e9gi\u00f3t\u00f3l f\u00fcgg\u0151en, m\u00edg m\u00e1shol (N\u00e9metorsz\u00e1g, Franciaorsz\u00e1g) vannak offline kvalifik\u00e1ci\u00f3k is, \u00e9s mindig nagyon n\u00e9pszer\u0171ek az adott orsz\u00e1gban. Sajnos ez m\u00e9g nagyon messze van.<\/p>\n<p><strong>EFOTT \u2013 LEN, hogyan siker\u00fclt el\u00e9rni, hogy fesztiv\u00e1lokon is jelen legyetek, \u00e9s milyen \u00e9lm\u00e9ny volt?<\/strong><\/p>\n<p>M\u00e1s \u00e9lm\u00e9ny volt, sokkal t\u00f6bb volt az ember, \u00e9s hatalmas bulihangulata volt. Szoktunk Just Dance partykat rendezni, \u00e9s az \u00e1tlag JD est\u00e9ken csak t\u00e1ncolunk. Olyanok is j\u00f6nni szoktak, akik nem is ismerik a j\u00e1t\u00e9kot, \u00e9s l\u00e1tni rajtuk, hogy \u00e9lvezik, po\u00e9nb\u00f3l csin\u00e1lj\u00e1k.<br \/>\nVan, akinek sz\u00fcks\u00e9ge van a fesztiv\u00e1lokat \u00e1tj\u00e1r\u00f3 m\u00e1moros k\u00f6tletlens\u00e9gre, oldott l\u00e9gk\u00f6rre, mert csak ilyenkor veszi r\u00e1 mag\u00e1t a t\u00e1ncra. Sokan f\u00e9lnek, hogy nem lesznek annyira \u00fcgyesek, \u00e9s ez\u00e9rt kell nekik egy kis motiv\u00e1ci\u00f3 hozz\u00e1, hogy t\u00e9nyleg \u00e9lvezz\u00e9k a t\u00e1ncot, \u00e9s ne a teljes\u00edtm\u00e9ny \u00e9rdekelje \u0151ket. Ez lenne a f\u0151 c\u00e9lunk, hogy \u00e9lvezz\u00e9k az emberek.<\/p>\n<p><strong>J\u00f6v\u0151re akkor Sziget?<\/strong><\/p>\n<p>H\u00faha. \u00c9n benne lenn\u00e9k sim\u00e1n. Rajta lesz\u00fcnk.<\/p>\n<p><strong>\u00a0<a href=\"http:\/\/nyuz.elte.hu\/wp-content\/uploads\/sites\/6\/2017\/12\/i-gotta-feeling.jpg\"><img loading=\"lazy\" decoding=\"async\" class=\"aligncenter size-full wp-image-2920\" src=\"http:\/\/nyuz.elte.hu\/wp-content\/uploads\/sites\/6\/2017\/12\/i-gotta-feeling.jpg\" alt=\"\" width=\"1280\" height=\"720\" srcset=\"https:\/\/nyuz.elte.hu\/wp-content\/uploads\/sites\/6\/2017\/12\/i-gotta-feeling.jpg 1280w, https:\/\/nyuz.elte.hu\/wp-content\/uploads\/sites\/6\/2017\/12\/i-gotta-feeling-300x169.jpg 300w, https:\/\/nyuz.elte.hu\/wp-content\/uploads\/sites\/6\/2017\/12\/i-gotta-feeling-768x432.jpg 768w, https:\/\/nyuz.elte.hu\/wp-content\/uploads\/sites\/6\/2017\/12\/i-gotta-feeling-1024x576.jpg 1024w, https:\/\/nyuz.elte.hu\/wp-content\/uploads\/sites\/6\/2017\/12\/i-gotta-feeling-624x351.jpg 624w\" sizes=\"(max-width: 1280px) 100vw, 1280px\" \/><\/a><\/strong><\/p>\n<p><strong>Mi volt az eddigi legjobb Just Dances \u00e9lm\u00e9nyed?<\/strong><\/p>\n<p>Nekem mindig a h\u00e1ziversenyeink, az \u00e9vente k\u00e9tszer megrendez\u00e9sre ker\u00fcl\u0151 Magyar Bajnoks\u00e1g az, mert akkor megm\u00e9rettetj\u00fck magunkat egym\u00e1ssal szemben, hogy ki lesz az ideiglenes bajnok. A versenysz\u00e1mok k\u00f6z\u00f6tt mindig vannak k\u00f6z\u00f6s sz\u00e1mok, olyankor t\u00f6bben vagyunk, emiatt nagyon j\u00f3 a hangulat. A Sch\u00f6nherznek nagyon j\u00f3 a felszerelts\u00e9ge, \u00e9s emiatt mindig j\u00f3 \u00e9lm\u00e9nyekkel megyek haza.<br \/>\nMeg legut\u00f3bb megnyertem a Mondoconon a Just Dance versenyt, ennek nyerem\u00e9nye a leg\u00fajabb Just Dance j\u00e1t\u00e9k volt.<\/p>\n<p><strong>\u00a0<\/strong><strong>Mi sz\u00e1m\u00edt j\u00f3 felszerelts\u00e9gnek?<\/strong><\/p>\n<p>J\u00f3 a hang- \u00e9s f\u00e9nytechnika is. Egy kis sz\u00ednpadon t\u00e1ncolunk, mindig aki versenyzik, nekik szemb\u0151l egy TV mutatja a piktogrammokat, de h\u00e1tul is ki vannak vet\u00edtve, \u00edgy az is tud t\u00e1ncolni, aki nem a sz\u00ednpadon van. Emellett nagy a t\u00e9r, \u00e9s mindenki elf\u00e9r, emiattmindenkinek versenyhangulata van.<\/p>\n<p><strong>Mi volt az eddigi legrosszabb Just Dances \u00e9lm\u00e9nyed (balul els\u00fclt buli, megs\u00e9r\u00fclt\u00e9l, vagy b\u00e1rmi)?<\/strong><\/p>\n<p>Nem volt legrosszabb. Mindig szeretek odamenni. Kikapcsol a sz\u00fcrke h\u00e9tk\u00f6znapokb\u00f3l.<\/p>\n<p><strong>Melyek a kedvenc sz\u00e1maid, \u00e9s mi\u00e9rt?<\/strong><\/p>\n<p>Az extr\u00e9meket szeretem, mert azokban nagyobb kih\u00edv\u00e1s van. Animals, Circus, Scream and shout. Az \u00faj, 2018-as j\u00e1t\u00e9kban van a John Wayne extreme is pl. De szeretem a n\u00e9gyes \u00e9s p\u00e1ros t\u00e1ncokat is. Az mindig jobb, ha t\u00f6bb emberes egy t\u00e1nc, jobban \u00e9p\u00edti a k\u00f6z\u00f6ss\u00e9get.<\/p>\n<p><strong>Van olyan a n\u00e9pszer\u0171bb JD sz\u00e1mok k\u00f6z\u00f6tt, amelyiket nem kedveled?<\/strong><\/p>\n<p>A PSY sz\u00e1mokat nem szeretem.<\/p>\n<p><strong>Ki a legjobb Just Dances Magyarorsz\u00e1gon? L\u00e9tezik egy\u00e1ltal\u00e1n ilyen?<\/strong><\/p>\n<p>D\u00e9zsi \u00c1kos, S\u00e1rdi Dani. \u00c1ltal\u00e1ban egy\u00e9bk\u00e9nt is vel\u00fck vannak a legszorosabb versenyeink egym\u00e1ssal szemben a h\u00e1zibajnoks\u00e1gokon.<\/p>\n<p><strong>\u00c9s\u00a0 Te vagy a legjobb? B\u00fcszke lehet r\u00e1d a TTK?<\/strong><\/p>\n<p>Ilyet nem mondok. De mindig k\u00fczd\u00f6k a bajnoki c\u00edm\u00e9rt. [Szerintem Detti itt csak szer\u00e9ny volt \u2013 a szerkeszt\u0151.]<\/p>\n<p><strong>Mi a fontosabb, a versenyszer\u0171, vagy a k\u00f6z\u00f6ss\u00e9gtermet\u0151 JD \u00e9lm\u00e9ny?<\/strong><\/p>\n<p>A k\u00f6z\u00f6ss\u00e9gteremt\u0151, mindenk\u00e9pp. A verseny is j\u00f3, de egy\u00e1ltal\u00e1n nem vagyunk egym\u00e1s ellenfelei, \u00e9s \u00f6r\u00fcl\u00fcnk egym\u00e1s siker\u00e9nek. Volt, hogy \u00c1kos 2 ponttal vert meg. 14 ezres sk\u00e1l\u00e1n az el\u00e9g minim\u00e1lis. Az\u00f3ta is sokszor po\u00e9nkodunk ezen. <strong>\u00a0<\/strong><\/p>\n<p><a href=\"http:\/\/nyuz.elte.hu\/wp-content\/uploads\/sites\/6\/2017\/12\/2017-es-d\u00f6nt\u0151.jpg\"><img loading=\"lazy\" decoding=\"async\" class=\"aligncenter size-full wp-image-2918\" src=\"http:\/\/nyuz.elte.hu\/wp-content\/uploads\/sites\/6\/2017\/12\/2017-es-d\u00f6nt\u0151.jpg\" alt=\"\" width=\"1140\" height=\"781\" srcset=\"https:\/\/nyuz.elte.hu\/wp-content\/uploads\/sites\/6\/2017\/12\/2017-es-d\u00f6nt\u0151.jpg 1140w, https:\/\/nyuz.elte.hu\/wp-content\/uploads\/sites\/6\/2017\/12\/2017-es-d\u00f6nt\u0151-300x206.jpg 300w, https:\/\/nyuz.elte.hu\/wp-content\/uploads\/sites\/6\/2017\/12\/2017-es-d\u00f6nt\u0151-768x526.jpg 768w, https:\/\/nyuz.elte.hu\/wp-content\/uploads\/sites\/6\/2017\/12\/2017-es-d\u00f6nt\u0151-1024x702.jpg 1024w, https:\/\/nyuz.elte.hu\/wp-content\/uploads\/sites\/6\/2017\/12\/2017-es-d\u00f6nt\u0151-624x427.jpg 624w\" sizes=\"(max-width: 1140px) 100vw, 1140px\" \/><\/a><\/p>\n<p><strong>L\u00e1tsz\u00f3dik-e valamilyen tendencia, hogy az \u00e9vr\u0151l \u00e9vre kiadott sz\u00e1mok st\u00edlusjegyei tend\u00e1lnak egy tematika ir\u00e1ny\u00e1ba, vagy ugyanannyira sokoldal\u00faak a k\u00fcl\u00f6nb\u00f6z\u0151 \u00e9vek kiad\u00e1sai?<\/strong><\/p>\n<p>Mint t\u00e1ncos, sajnos ism\u00e9tl\u0151dnek a mozdulatok, de meg lehet b\u00e9k\u00e9lni vele. Att\u00f3l m\u00e9g j\u00f3k a koreogr\u00e1fi\u00e1k, de m\u00e1r r\u00e1f\u00e9rne egy kis v\u00e9rfriss\u00edt\u00e9s. Ett\u0151l f\u00fcggetlen\u00fcl nagyon szeretem az \u00f6sszeset. Nagyon szeretn\u00e9k castingra kimenni, \u00e9s az egyik karakter lenni a j\u00e1t\u00e9kban.<\/p>\n<p><strong>Mi sz\u00fcks\u00e9ges szerinted ahhoz, hogy j\u00f3l siker\u00fclj\u00f6n egy Just Dance buli?<\/strong><\/p>\n<p>Sok ember \u00e9rdekl\u0151d\u00e9s\u00e9t fel kell kelten\u00fcnk. Ha verseny, akkor legyen igazs\u00e1gos, p\u00e9ld\u00e1ul el\u0151re megadjuk, hogy milyen sz\u00e1mokb\u00f3l kell k\u00e9sz\u00fclni. YouTube-on fent van az \u00f6sszes, \u00edgy b\u00e1rki gyakorolhat. Emiatt egyenl\u0151 es\u00e9lyekkel indulunk, \u00e9s nem \u00e9lvez el\u0151nyt, akinek van X-Box-a. Nincs senki lemaradva, mert mindenr\u0151l t\u00e1j\u00e9koztatva vannak.<br \/>\nMindenkit szeretn\u00e9nk biztatni, hogy t\u00e1ncoljon, \u00e9s j\u00f3l \u00e9rezze mag\u00e1t, \u00e9s ne a verseng\u00e9s legyen a fontos. \u00c9ppen ez\u00e9rt vannak a k\u00f6z\u00f6s t\u00e1ncok a versenyeken. Hogy az is kapjon lehet\u0151s\u00e9get, aki egy\u00e9bk\u00e9nt nem mer. Szeretn\u00e9nk el\u00e9rni, hogy mindenki g\u00e1tl\u00e1sok n\u00e9lk\u00fcl Just Dance-elhessen.<\/p>\n<p><strong>\u00a0<\/strong><\/p>\n<p><strong>Mikor lesz az ELTE TTK-n legk\u00f6zelebb Just Dance Party?<\/strong><\/p>\n<p>\u00c9n szeretn\u00e9k egyszer G\u00f3lyab\u00e1lra hozni. De sz\u00edvesen szervez\u00fcnk m\u00e1s ELTE-s rendezv\u00e9nyekre is, ha van erre ig\u00e9ny. Tervben van a Griff koliba is egy ilyen rendezv\u00e9ny. M\u00e1r meg van besz\u00e9lve, csak optim\u00e1lis id\u0151pontot keres\u00fcnk.<\/p>\n<p><strong>Ha kiruccansz egy sima p\u00e9ntek\/szombat este egy standard buliba, ki tudod haszn\u00e1lni a Just Dances el\u0151ismereteidet?<\/strong><\/p>\n<p>Van, hogy t\u00e1ncik\u00e1lom a koreogr\u00e1fi\u00e1t, de \u00e1ltal\u00e1ban vissza kell fognom magamat. Kocsm\u00e1ban n\u00e9ha \u00fclve elkezdek t\u00e1ncik\u00e1lni.<\/p>\n<p><strong>\u00a0<\/strong><\/p>\n<p><strong>Ha \u00f6ssze k\u00e9ne foglalnod, m\u00e9gis mire j\u00f3 a Just Dance szerinted?<\/strong><\/p>\n<p>Els\u0151sorban nagyon j\u00f3 kardio, ha valaki nem akar nagyon edzeni, \u00e9s szeret ink\u00e1bb zen\u00e9re mozogni, akkor a JD erre t\u00f6k\u00e9letes, mert \u00f6t sz\u00e1m ut\u00e1n \u00fagy le lehet izzadni, mint a l\u00f3 [1 ut\u00e1n is: a szerkeszt\u0151]. Nagyon gyorsan lehet fejleszteni vele a mozg\u00e1skoordin\u00e1ci\u00f3t, r\u00e1ad\u00e1sul j\u00f3 m\u00f3ka is.<\/p>\n<p><strong>\u00a0<\/strong><\/p>\n<p><strong>Ha \u201eJust Dance Hungary\u201d vagytok, akkor elk\u00e9pzelhet\u0151, hogy a j\u00f6v\u0151ben lesznek magyar\u00edtott sz\u00e1mok? Pl. mikor tolhatunk m\u00e1r el egy j\u00f3 koreogr\u00e1fi\u00e1t a Limb\u00f3l\u00e1zra, a 67-es \u00fatra, vagy a Mizu-ra?<\/strong><\/p>\n<p>&nbsp;<\/p>\n<p>Ha majd Mi kifejlesztj\u00fck a technol\u00f3gi\u00e1t hozz\u00e1. Nem hiszem, hogy a franci\u00e1k vev\u0151k lenn\u00e9nek r\u00e1. B\u00e1r most benne van egy t\u00f6k j\u00f3 afrikai sz\u00e1m a j\u00e1t\u00e9kban.<\/p>\n<p><strong>\u00a0<a href=\"http:\/\/nyuz.elte.hu\/wp-content\/uploads\/sites\/6\/2017\/12\/Diegho-1-a-2016-os-\u00e9v-vil\u00e1gbajnoka.jpg\"><img loading=\"lazy\" decoding=\"async\" class=\"aligncenter size-full wp-image-2919\" src=\"http:\/\/nyuz.elte.hu\/wp-content\/uploads\/sites\/6\/2017\/12\/Diegho-1-a-2016-os-\u00e9v-vil\u00e1gbajnoka.jpg\" alt=\"\" width=\"5472\" height=\"3648\" srcset=\"https:\/\/nyuz.elte.hu\/wp-content\/uploads\/sites\/6\/2017\/12\/Diegho-1-a-2016-os-\u00e9v-vil\u00e1gbajnoka.jpg 5472w, https:\/\/nyuz.elte.hu\/wp-content\/uploads\/sites\/6\/2017\/12\/Diegho-1-a-2016-os-\u00e9v-vil\u00e1gbajnoka-300x200.jpg 300w, https:\/\/nyuz.elte.hu\/wp-content\/uploads\/sites\/6\/2017\/12\/Diegho-1-a-2016-os-\u00e9v-vil\u00e1gbajnoka-768x512.jpg 768w, https:\/\/nyuz.elte.hu\/wp-content\/uploads\/sites\/6\/2017\/12\/Diegho-1-a-2016-os-\u00e9v-vil\u00e1gbajnoka-1024x683.jpg 1024w, https:\/\/nyuz.elte.hu\/wp-content\/uploads\/sites\/6\/2017\/12\/Diegho-1-a-2016-os-\u00e9v-vil\u00e1gbajnoka-624x416.jpg 624w\" sizes=\"(max-width: 5472px) 100vw, 5472px\" \/><\/a><\/strong><\/p>\n<p><strong>Ki a kedvenc Just Dancesed, \u00e9s mi\u00e9rt?<\/strong><\/p>\n<p>&nbsp;<\/p>\n<p>Nem mondan\u00e1m kedvencnek, mert nagyon nem vagyok k\u00e9pben, de a legut\u00f3bbi t\u00f6r\u00f6k vil\u00e1gbajnok nagyon j\u00f3l mozog (Umutcan T\u00fct\u00fcnc\u00fc).<\/p>\n<p><strong>[a most k\u00f6vetkez\u0151 riport az interj\u00fa k\u00e9sz\u00fcl\u00e9se EL\u0150TT k\u00e9sz\u00fclt, \u00e1m a jobb \u00e9rthet\u0151s\u00e9g kedv\u00e9\u00e9rt az interj\u00fat tett\u00fck el\u0151re.]<\/strong><\/p>\n<p>Az interj\u00fa mell\u00e9 helysz\u00edni szeml\u00e9t is szerett\u00fcnk volna a Ny\u00fazos olvas\u00f3k el\u00e9 t\u00e1rni, ez\u00e9rt \u00fagy d\u00f6nt\u00f6ttem, hogy nyakamba kapom azt az egy villamosmeg\u00e1ll\u00f3nyi t\u00e1vot, \u00e9s szem\u00e9lyesen veszem szem\u00fcgyre, mik\u00e9ppen n\u00e9z ki egy sch\u00f6nherzes Just Dance party. Ehhez a november 10-i id\u0151pontot v\u00e1lasztottam, ahol a Just Dance egy m\u00e1sik, k\u00fcls\u0151 di\u00e1kszervezetnek szervezett \u00e9pp esti esem\u00e9nyt. A 10 \u00f3r\u00e1ra meghirdetett kezd\u00e9st igyekeztem szok\u00e1somhoz h\u00edven elker\u00fclni, \u00e9s st\u00edlusos 80 perces r\u00e1tart\u00e1ssal \u00e9rkeztem meg a BME Sch\u00f6nherz Koll\u00e9giumhoz.<\/p>\n<p>A bej\u00e1ratn\u00e1l megpillantottam Moln\u00e1r M\u00e1t\u00e9t, a Just Dance Hungary alap\u00edt\u00f3j\u00e1t, de mivel inkognit\u00f3m\u00f3dban szerettem volna felt\u00e9rk\u00e9pezni a terepet, ez\u00e9rt ink\u00e1bb mereven magam el\u00e9 n\u00e9zve, a cigiz\u0151kre \u00fcgyet sem vetve l\u00e9ptem be a koll\u00e9gium port\u00e1j\u00e1ra. Itt jelentkezett az els\u0151 probl\u00e9ma, amivel szembes\u00fcln\u00f6m kellett, mert inkogn\u00edt\u00f3m\u00f3dos felder\u00edt\u00e9semhez nem ig\u00e9nyeltem BME-s ismer\u0151st p\u00e9ntek est\u00e9re egy koll\u00e9giumba, \u00edgy nem siker\u00fclt \u00e1tsiklanom a biztons\u00e1gi kapukon.<\/p>\n<p>&nbsp;<\/p>\n<p>Persze egy mag\u00e1ra valamit is ad\u00f3 \u00fajs\u00e1g\u00edr\u00f3 ilyenkor sem ijed meg, hanem brut\u00e1lis lend\u00fclettel lecsap a k\u00edn\u00e1lkoz\u00f3 lehet\u0151s\u00e9gre. Meg is tal\u00e1ltam az alkalmas alanyt, akivel r\u00f6vid besz\u00e9lget\u00e9s ut\u00e1n annyira j\u00f3ban lett\u00fcnk, hogy megengedte, hogy megh\u00edvassam magam vele a koliba. Miut\u00e1n elint\u00e9zt\u00fck a formas\u00e1gokat, el is k\u00f6sz\u00f6nt\u00fcnk egym\u00e1st\u00f3l, \u0151 felment a szob\u00e1j\u00e1ba aludni, \u00e9n meg a frissen aktiv\u00e1lt vend\u00e9gk\u00e1rty\u00e1mmal el is kezdtem a barangol\u00e1st a Sch\u00f6nherz Koll\u00e9giumban. (Kedves ismeretlen: ha ezt most olvasod, fogadd k\u00f6sz\u00f6netemet!)<\/p>\n<p>&nbsp;<\/p>\n<p>Azaz kezdtem volna, mert amennyire felszerelt Detti szerint a koll\u00e9gium nagyterme, \u00e9pp annyira neh\u00e9z volt megtal\u00e1lni. V\u00e9g\u00fcl egy rapid elt\u00e9ved\u00e9s ut\u00e1n siker\u00fclt eljutni a keresett helysz\u00ednre, ahol nagyj\u00e1b\u00f3l 8-10 ember \u00fclt a h\u00e1ts\u00f3 sorba lefektetett sz\u00e9keken, \u00e9s k\u00e9t l\u00e1ny \u00e9pp az egyik dinamikus, lend\u00fcletes, vadi\u00faj Just Dance 2018-as sz\u00e1mra t\u00e1ncik\u00e1lt. Emellett akadt m\u00e9g 5-6, hozz\u00e1m hasonl\u00f3an az ajt\u00f3b\u00f3l szeml\u00e9l\u0151d\u0151, m\u00e9l\u00e1n besz\u00e9lget\u0151 ember is, igaz\u00e1n \u00e9rdekes \u00f6sszk\u00e9pet adva.<\/p>\n<p>&nbsp;<\/p>\n<p>Mivel j\u00e1rtam m\u00e1r enn\u00e9l sokkal nagyobb Just Dance-es bulikban, pl. a LEN-en, hamar lesz\u0171rtem, hogy ez nem a h\u00e9tf\u0151i Sch\u00f6nherz-k\u00f6r, amir\u0151l Detti besz\u00e9lt, hanem egy sokkal priv\u00e1tabb party, rengeteg kezd\u0151 Just Dance-essel. Ezt \u00f6r\u00f6mmel konstal\u00e1ltam, mert titkos rajong\u00f3k\u00e9nt mindig \u00f6r\u00f6mmel t\u00f6lt el, ha nem \u00e9ppen kecses mozdulataim \u00e9s orm\u00f3tlan t\u00e1nctud\u00e1som ellen\u00e9re es\u00e9lyt l\u00e1tok arra, hogy egy-k\u00e9t sz\u00e1m erej\u00e9ig \u00e9n legyek a parkett \u00f6rd\u00f6ge.<\/p>\n<p>&nbsp;<\/p>\n<p>Miut\u00e1n l\u00e1ttam a k\u00edn\u00e1lkoz\u00f3 lehet\u0151s\u00e9get, \u00fagy d\u00f6nt\u00f6ttem, hogy nem fogok r\u00f6gt\u00f6n \u00e9s azonnal \u00e9lni vele, hanem ink\u00e1bb v\u00e1rok egy picit, \u00e9s megl\u00e1togattam a mell\u00e9khelyis\u00e9get. Az inkogn\u00edt\u00f3-\u00fajs\u00e1g\u00edr\u00f3\u00fczemm\u00f3d ekkor omlott \u00f6ssze, mert kider\u00fclt, hogy b\u00e1rmennyire mereven is n\u00e9ztem magam el\u00e9 a bej\u00e1ratn\u00e1l, \u00e9s b\u00e1rmennyire is igyekeztem be\u00e9p\u00fclni, a Just Dance Hungary alap\u00edt\u00f3 atyja, Moln\u00e1r M\u00e1t\u00e9 felismert.<\/p>\n<p>&nbsp;<\/p>\n<p>Hogyan kell elk\u00e9pzelni egy ilyen besz\u00e9lget\u00e9st, a mell\u00e9khelyis\u00e9g k\u00e9zmos\u00f3ja mellett?<\/p>\n<p>M: \u201eSzevasz.\u201d<\/p>\n<p>Leleplezett \u00dajs\u00e1g\u00edr\u00f3: \u201e\u00d6hm&#8230; Szia!?\u201d<\/p>\n<p>M: \u201eTe vagy, aki interj\u00fat szeretne k\u00e9sz\u00edteni vel\u00fcnk, igaz?\u201d<\/p>\n<p>L.\u00da.: \u201eIgen! Wow, felismert\u00e9l?\u201d<\/p>\n<p>M: \u201ePersze! De az\u00e9rt amikor bej\u00f6tt\u00e9l, m\u00e9g gyorsan leellen\u0151riztem Facebookon, hogy t\u00e9nyleg te vagy-e az.\u201d<\/p>\n<p>&nbsp;<\/p>\n<p>Nem volt mit tenni, k\u00e9nytelen voltam kihaszn\u00e1lni a lehet\u0151s\u00e9get, \u00e9s a sz\u00edv\u00e9lyes fogadtat\u00e1st meglovagolva, az este nagyobbik r\u00e9sz\u00e9ben \u00e1tv\u00e1ltottam nyilv\u00e1nos \u00fajs\u00e1g\u00edr\u00f3 \u00fczemm\u00f3dba, \u00e9s egy-k\u00e9t t\u00e1nc k\u00f6z\u00f6tt k\u00e9rd\u00e9sekkel bomb\u00e1ztam a r\u00e9sztvev\u0151ket.<\/p>\n<p>&nbsp;<\/p>\n<p>Mint kider\u00fclt, t\u00e9nyleg nem egy szok\u00e1sos Just Dance partyba pottyantam, hanem az AEGEE Corvinus di\u00e1kszervezetnek szervezett esem\u00e9nyre j\u00f6ttem el.<\/p>\n<p>&nbsp;<\/p>\n<p>A h\u00e1tt\u00e9rben megpillantottam a Detti \u00e1ltal m\u00e1r megeml\u00edtett S\u00e1rdi D\u00e1nielt, a Just Dance Hungary m\u00e1rciusi bajnoks\u00e1g\u00e1nak dics\u0151 gy\u0151ztes\u00e9t. Az est\u00e9t egy\u00e9bk\u00e9nt nem igaz\u00e1n a Just Dance Hungary aktivit\u00e1sa uralta, hagyt\u00e1k, hogy az AEGEE-sek \u00e9lvezz\u00e9k a bulit, b\u00e1r ez \u0151szint\u00e9n sz\u00f3lva nem t\u0171nt minden id\u0151k legnagyobb bulij\u00e1nak, a maga szer\u00e9ny 15-20 f\u0151s r\u00e9szv\u00e9teli statisztik\u00e1j\u00e1val.<\/p>\n<p>&nbsp;<\/p>\n<p>Igyekeztem egy-egy t\u00e1ncsz\u00e1m k\u00f6z\u00f6tt besz\u00e9lgetni az ott l\u00e9v\u0151kkel, \u00e9rdekl\u0151dni, ki hogy \u00e9rzi mag\u00e1t. Alapvet\u0151en a nemzetk\u00f6zi vend\u00e9gek k\u00f6z\u00fcl egy torin\u00f3i sr\u00e1c emelkedett ki a mez\u0151nyb\u0151l, \u0151 sok sz\u00e1mot v\u00e9gigt\u00e1ncolt, \u00e9s gyakran a Just Dance Hungary-seket is kih\u00edvta egy-egy komolyabb p\u00e1rbajra. Ezzel az AEGEE f\u00e9rfisz\u00e1rny\u00e1nak der\u00e9khad\u00e1t \u00e1t is vett\u00fck, n\u0151i fronton 4 akt\u00edv tag is volt, akik minden 2-3. sz\u00e1mban akt\u00edvan r\u00e9szt vettek, \u00e9s f\u0151leg egym\u00e1ssal t\u00e1ncolgattak.<\/p>\n<p>&nbsp;<\/p>\n<p>N\u00e9ha-n\u00e9ha be\u00e1lltak t\u00e1ncolni M\u00e1t\u00e9\u00e9k, Dani\u00e9k is, ilyenkor mindig megn\u0151tt egy kicsit az intenzit\u00e1s, de \u00e9pp csak annyira, hogy az ne legyen t\u00fal v\u00e9szes.<\/p>\n<p>&nbsp;<\/p>\n<p>A k\u00edn\u00e1latra nem lehetett panasz, az elm\u00falt \u00e9vek Just Dance j\u00e1t\u00e9kaib\u00f3l kedv\u00fcnkre v\u00e1logathattunk, ha valaki nagyon szerette volna betenni a kedvenc\u00e9t, akkor k\u00fcl\u00f6n\u00f6sebb er\u0151fesz\u00edt\u00e9s n\u00e9lk\u00fcl megkaparinthatta a kontrollert. Kezdetben a Just Dance 2018-cal, a legfrisebb verzi\u00f3val j\u00e1tszottunk nagyj\u00e1b\u00f3l hajnali 1-ig, h\u00e1romnegyed \u00f3ra m\u00f3k\u00e1z\u00f3s JD 2017 ut\u00e1n pedig k\u00f6zk\u00edv\u00e1natra a Just Dance 2016 k\u00f6vetkezett. \u00c9n ekkor \u00e9reztem azt, hogy igaz\u00e1n elememben vagyok, hiszen nekem is ez az \u00e9vj\u00e1rat van meg otthon.<\/p>\n<p><a href=\"http:\/\/nyuz.elte.hu\/wp-content\/uploads\/sites\/6\/2017\/12\/just-dance-world-cup.jpg\"><img loading=\"lazy\" decoding=\"async\" class=\"aligncenter size-full wp-image-2922\" src=\"http:\/\/nyuz.elte.hu\/wp-content\/uploads\/sites\/6\/2017\/12\/just-dance-world-cup.jpg\" alt=\"\" width=\"1280\" height=\"720\" srcset=\"https:\/\/nyuz.elte.hu\/wp-content\/uploads\/sites\/6\/2017\/12\/just-dance-world-cup.jpg 1280w, https:\/\/nyuz.elte.hu\/wp-content\/uploads\/sites\/6\/2017\/12\/just-dance-world-cup-300x169.jpg 300w, https:\/\/nyuz.elte.hu\/wp-content\/uploads\/sites\/6\/2017\/12\/just-dance-world-cup-768x432.jpg 768w, https:\/\/nyuz.elte.hu\/wp-content\/uploads\/sites\/6\/2017\/12\/just-dance-world-cup-1024x576.jpg 1024w, https:\/\/nyuz.elte.hu\/wp-content\/uploads\/sites\/6\/2017\/12\/just-dance-world-cup-624x351.jpg 624w\" sizes=\"(max-width: 1280px) 100vw, 1280px\" \/><\/a><\/p>\n<p>B\u00edztam benne, hogy a sz\u00e1mokat ismerve kicsit jobb es\u00e9lyeim lesznek a Just Dance Hungary tit\u00e1njaival szemben, f\u0151leg, mert az AEGEE-sek t\u00f6bbs\u00e9ge 1 \u00e9s 2 \u00f3ra k\u00f6z\u00f6tt kezdett rejt\u00e9lyes k\u00f6r\u00fclm\u00e9nyek k\u00f6z\u00f6tt elszublim\u00e1lni, a mendemond\u00e1k szerint nekik a Corvin tet\u0151s Tesco Disco koncerten, vagy a pihe-puha \u00e1gyik\u00f3ban folytat\u00f3dott az este.<\/p>\n<p>&nbsp;<\/p>\n<p>Nem \u00fagy nekem, aki, ha m\u00e1r ott voltam, megpr\u00f3b\u00e1ltam megmutatni, hogy m\u00e9gis Detti ut\u00e1n \u00e9n vagyok a m\u00e1sodik legjobb t\u00e1ncos a TTK-n. H\u00e1t&#8230; Annyi bizonyos, hogy sok es\u00e9lyem nem volt, ha valaki sz\u00ednvonalat keres a Just Dance vil\u00e1g\u00e1ban, akkor a Just Dance Hungary p\u00f3l\u00f3 m\u00e1r garancia erre. Minden igyekezetem ellen\u00e9re sem tudtam egy sz\u00e1mot sem lehozni, pedig a <em>Black Eyed Peas <strong>I gotta feeling <\/strong><\/em>c. sz\u00e1m\u00e1ra mindig is \u00fagy tekintettem, mint titkos fegyverre a saj\u00e1t, otthoni szervez\u00e9s\u0171 Just Dance bulik alatt. Ezen tapasztalatok birtok\u00e1ban pedig be kell ismernem: a Just Dance Hungary j\u00f3 bulikat szervez, ha az ember szeret Just Dance-ezni, olyan embert pedig m\u00e9g nem nagyon ismertem, aki kipr\u00f3b\u00e1lta ezt a j\u00e1t\u00e9kot, \u00e9s nem szerette volna.<\/p>\n<p>&nbsp;<\/p>\n<p>Az este h\u00e1tral\u00e9v\u0151 r\u00e9sz\u00e9ben m\u00e9g v\u00e9letlen\u00fcl megtal\u00e1ltam a Sch\u00f6nherz koll\u00e9giumban k\u00e9t elt\u00e9vedt ELTE-s fizikus g\u00f3ly\u00e1t, akik a bulit kerest\u00e9k, de hozz\u00e1m hasonl\u00f3an, csak n\u00e1lam kicsit jobban elt\u00e9vedtek a koll\u00e9giumi \u00fatveszt\u0151ben.<\/p>\n<p>&nbsp;<\/p>\n<p>Am\u00edg a seg\u00edts\u00e9g\u00fckkel igyekezt\u00fcnk \u00e9rv\u00e9nyre juttatni az ELTE TTK dominanci\u00e1j\u00e1t, addig kicsit megpihentem a h\u00e1ts\u00f3 sorokban, hogy besz\u00e9lgessek m\u00e9g egyet Moln\u00e1r M\u00e1t\u00e9val.<\/p>\n<p>&nbsp;<\/p>\n<p>Elmes\u00e9lte, hogy annak idej\u00e9n, amikor a BME-n tanult, \u0150 volt a Sch\u00f6nherz koliban a konditerem vezet\u0151je, ami kiv\u00e1l\u00f3 k\u00f6z\u00f6ss\u00e9g\u00e9p\u00edt\u0151 alapokat adott a kez\u00e9be. Ennek a komparat\u00edv el\u0151nynek a kihaszn\u00e1l\u00e1sa sor\u00e1n kezdte el szervezni az els\u0151 Just Dance bulikat a koll\u00e9giumba, \u00e9s el\u00e9g hamar siker\u00fclt el\u00e9rni azt, hogy ak\u00e1r 100 f\u0151t is \u00f6ssze tudjanak szervezni \u2013 persze el\u00e9g nagy munka kellett ehhez.<\/p>\n<p>&nbsp;<\/p>\n<p>Mivel ma m\u00e1r \u00d3bud\u00e1n van a munkahelye, \u00e9s befejezte az egyetemet, neki kellemesebb kisebb bulikat \u00f6sszehozni, limit\u00e1lt prom\u00f3ci\u00f3val \u2013 olyanokat, amiken \u00e9pp voltunk \u2013, mert el\u00e9g megcsin\u00e1lni egy FB esem\u00e9nyt, mind\u00f6ssze annyi le\u00edr\u00e1ssal, hogy \u201eLet\u2019s do some Just Dance 2018\u201d, \u00e9s m\u00e1ris \u00f6sszej\u00f6n 15-20 ember, akik j\u00f3l tudj\u00e1k \u00e9rezni magukat.<\/p>\n<p>&nbsp;<\/p>\n<p>A h\u00e1ts\u00f3 sorb\u00f3l figyelve a f\u00e9lhom\u00e1lyos teremben \u00f6nfeledt sz\u00f3rakoz\u00f3 embereket ezt nem volt neh\u00e9z elhinni, persze idealisztikusnak hatott a vil\u00e1gmegv\u00e1lt\u00f3 hangulat hajnali 2-kor, amikor m\u00e1r csak 6-7 f\u0151 l\u00e9zengett a teremben, persze 15 perc el\u0151zetes k\u00e9sz\u00fcl\u00e9s mell\u00e9 ezt eg\u00e9sz j\u00f3 eredm\u00e9nynek tartom. Ha linearit\u00e1st felt\u00e9telezn\u00e9nk, akkor 5 \u00f3ra elegend\u0151 lenne egy 150 f\u0151s g\u00f3lyat\u00e1bori buli megszervez\u00e9s\u00e9re \u2013 sajnos az ilyen dolgok viszont nem line\u00e1risak.<\/p>\n<p>&nbsp;<\/p>\n<p>Felvetettem, hogy nyilv\u00e1n nem lehet a Just Dance Hungary hossz\u00fa t\u00e1v\u00fa c\u00e9lja, hogy kisebb bulikn\u00e1l maradjon, meg is kaptam az egy\u00e9rtelm\u0171 v\u00e1laszt, hogy val\u00f3ban nem. \u201e<em>Nyilv\u00e1n vannak hosszabb t\u00e1v\u00fa tervek, 100 f\u0151s buli ut\u00e1n j\u00f6n a 200 f\u0151s buli, LEN \u00e9s EFOTT ut\u00e1n 2018-ban m\u00e1r a Szigeten is ott szeretn\u00e9nk lenni \u2013 de ez m\u00e9g a j\u00f6v\u0151 zen\u00e9je.\u201d <\/em>Ehhez term\u00e9szetesen sok-sok munk\u00e1ra van m\u00e9g sz\u00fcks\u00e9g, de k\u00e9tlem, hogy ez ne val\u00f3sulhatna meg.<\/p>\n<p><a href=\"http:\/\/nyuz.elte.hu\/wp-content\/uploads\/sites\/6\/2017\/12\/scream-and-shout-extreme-version-montage.jpg\"><img loading=\"lazy\" decoding=\"async\" class=\"aligncenter size-full wp-image-2923\" src=\"http:\/\/nyuz.elte.hu\/wp-content\/uploads\/sites\/6\/2017\/12\/scream-and-shout-extreme-version-montage.jpg\" alt=\"\" width=\"1280\" height=\"720\" srcset=\"https:\/\/nyuz.elte.hu\/wp-content\/uploads\/sites\/6\/2017\/12\/scream-and-shout-extreme-version-montage.jpg 1280w, https:\/\/nyuz.elte.hu\/wp-content\/uploads\/sites\/6\/2017\/12\/scream-and-shout-extreme-version-montage-300x169.jpg 300w, https:\/\/nyuz.elte.hu\/wp-content\/uploads\/sites\/6\/2017\/12\/scream-and-shout-extreme-version-montage-768x432.jpg 768w, https:\/\/nyuz.elte.hu\/wp-content\/uploads\/sites\/6\/2017\/12\/scream-and-shout-extreme-version-montage-1024x576.jpg 1024w, https:\/\/nyuz.elte.hu\/wp-content\/uploads\/sites\/6\/2017\/12\/scream-and-shout-extreme-version-montage-624x351.jpg 624w\" sizes=\"(max-width: 1280px) 100vw, 1280px\" \/><\/a><\/p>\n<p>Mindenesetre mint minden esem\u00e9nynek, el\u0151bb-ut\u00f3bb a november 10-i Just Dance Partynak is v\u00e9ge szakadt, \u00e9s hajnali 3-kor, f\u00e1radtan, izzadtan, de vid\u00e1man indultunk haza.<\/p>\n<p>Abb\u00f3l, amit lesz\u0171rtem, sokat fogjuk m\u00e9g l\u00e1tni a Just Dance Hungary leglelkesebb tagjait, amint t\u00f6bb sz\u00e1z f\u0151s t\u00f6megeknek szereznek \u00f6r\u00f6m\u00f6t, \u00e9s szerveznek izgalmas, innovat\u00edv programot a 2018-as fesztiv\u00e1lszezon sor\u00e1n is.<br \/>\nHa pedig el\u0151tte is kipr\u00f3b\u00e1ln\u00e1d, milyen is egy igazi Just Dance 2018-as sz\u00e1mra ropni, akkor keresd fel Te is b\u00e1tran a justdance.hu honlapj\u00e1t.<br \/>\nNem mint \u00fajs\u00e1g\u00edr\u00f3, hanem mint szabadid\u0151s Just Dance troll, csak egy dolgot k\u00e9rek:<\/p>\n<p>Ha el\u0151sz\u00f6r m\u00e9sz el Just Dances buliba, \u00e9s \u00e9pp nem tudod, milyen sz\u00e1mot k\u00e9rj, amikor te j\u00f6ssz, akkor essen a v\u00e1laszt\u00e1sod a Rasputin c\u00edm\u0171 m\u0171remekre, mert mindig nagyon \u00e9lvezem l\u00e1tni az\u00a0 \u00e1tsuhan\u00f3 balj\u00f3s \u00e1rnyakat a Just Dance Hungary legjobbjainak arc\u00e1n, amikor ehhez a \u2013 m\u00e9g a legnagyobb rajong\u00f3kat is megoszt\u00f3 \u2013 szem\u00e9lyes kedvencemhez \u00e9r\u00fcnk.<\/p>\n<p><a href=\"http:\/\/nyuz.elte.hu\/wp-content\/uploads\/sites\/6\/2017\/12\/H2x1_NSwitch_JustDance2018_image1280w.jpg\"><img loading=\"lazy\" decoding=\"async\" class=\"aligncenter size-full wp-image-2924\" src=\"http:\/\/nyuz.elte.hu\/wp-content\/uploads\/sites\/6\/2017\/12\/H2x1_NSwitch_JustDance2018_image1280w.jpg\" alt=\"\" width=\"1280\" height=\"640\" srcset=\"https:\/\/nyuz.elte.hu\/wp-content\/uploads\/sites\/6\/2017\/12\/H2x1_NSwitch_JustDance2018_image1280w.jpg 1280w, https:\/\/nyuz.elte.hu\/wp-content\/uploads\/sites\/6\/2017\/12\/H2x1_NSwitch_JustDance2018_image1280w-300x150.jpg 300w, https:\/\/nyuz.elte.hu\/wp-content\/uploads\/sites\/6\/2017\/12\/H2x1_NSwitch_JustDance2018_image1280w-768x384.jpg 768w, https:\/\/nyuz.elte.hu\/wp-content\/uploads\/sites\/6\/2017\/12\/H2x1_NSwitch_JustDance2018_image1280w-1024x512.jpg 1024w, https:\/\/nyuz.elte.hu\/wp-content\/uploads\/sites\/6\/2017\/12\/H2x1_NSwitch_JustDance2018_image1280w-624x312.jpg 624w\" sizes=\"(max-width: 1280px) 100vw, 1280px\" \/><\/a><\/p>\n<p>&nbsp;<\/p>\n","protected":false},"excerpt":{"rendered":"<p>Az elveszett Rasputin sz\u00e1m nyom\u00e1ban M\u00e1r 8 \u00e9ve, hogy megjelent a nagysiker\u0171 Just Dance nev\u0171 videoj\u00e1t\u00e9k. A j\u00e1t\u00e9k alap\u00f6tlete az, hogy lek\u00f6vess\u00fck a k\u00e9perny\u0151n tal\u00e1lhat\u00f3 t\u00e1nckoreogf\u00e1ri\u00e1t, t\u00fck\u00f6rszer\u0171en ut\u00e1nozva mozdulatokat. Az \u00e9vfordul\u00f3 alkalm\u00e1b\u00f3l a Just Dance Hungary-b\u0151l a TTK-s Ign\u00e1cz Bernadettel besz\u00e9lgett\u00fcnk Mes\u00e9lj nek\u00fcnk n\u00e9h\u00e1ny mondatot magadr\u00f3l! Sziasztok, Detti vagyok, ELTE TTK f\u00f6ldtudom\u00e1nyi alapszakos hallgat\u00f3. 2014-ben kezdtem, \u00e9s most csillag\u00e1sz szakir\u00e1nyon vagyok. Emmellett az MTA-n\u00e1l szoktam demonstr\u00e1torkodni is, a Csillag\u00e1szati \u00e9s F\u00f6ldtudom\u00e1nyi Kutat\u00f3k\u00f6zpont sz\u00edneiben. A hobbim a t\u00e1nc, \u00e9ppen ez\u00e9rt is fogott meg a Just Dance, mint j\u00e1t\u00e9k, m\u00e1r be is&hellip;<\/p>\n","protected":false},"author":68,"featured_media":0,"comment_status":"closed","ping_status":"closed","sticky":false,"template":"","format":"standard","meta":{"footnotes":""},"categories":[1,58],"tags":[],"class_list":["post-2917","post","type-post","status-publish","format-standard","hentry","category-foldal","category-interju"],"_links":{"self":[{"href":"https:\/\/nyuz.elte.hu\/index.php?rest_route=\/wp\/v2\/posts\/2917"}],"collection":[{"href":"https:\/\/nyuz.elte.hu\/index.php?rest_route=\/wp\/v2\/posts"}],"about":[{"href":"https:\/\/nyuz.elte.hu\/index.php?rest_route=\/wp\/v2\/types\/post"}],"author":[{"embeddable":true,"href":"https:\/\/nyuz.elte.hu\/index.php?rest_route=\/wp\/v2\/users\/68"}],"replies":[{"embeddable":true,"href":"https:\/\/nyuz.elte.hu\/index.php?rest_route=%2Fwp%2Fv2%2Fcomments&post=2917"}],"version-history":[{"count":3,"href":"https:\/\/nyuz.elte.hu\/index.php?rest_route=\/wp\/v2\/posts\/2917\/revisions"}],"predecessor-version":[{"id":2927,"href":"https:\/\/nyuz.elte.hu\/index.php?rest_route=\/wp\/v2\/posts\/2917\/revisions\/2927"}],"wp:attachment":[{"href":"https:\/\/nyuz.elte.hu\/index.php?rest_route=%2Fwp%2Fv2%2Fmedia&parent=2917"}],"wp:term":[{"taxonomy":"category","embeddable":true,"href":"https:\/\/nyuz.elte.hu\/index.php?rest_route=%2Fwp%2Fv2%2Fcategories&post=2917"},{"taxonomy":"post_tag","embeddable":true,"href":"https:\/\/nyuz.elte.hu\/index.php?rest_route=%2Fwp%2Fv2%2Ftags&post=2917"}],"curies":[{"name":"wp","href":"https:\/\/api.w.org\/{rel}","templated":true}]}}