{"id":2470,"date":"2017-04-20T12:19:18","date_gmt":"2017-04-20T11:19:18","guid":{"rendered":"http:\/\/nyuz.elte.hu\/?p=2470"},"modified":"2017-04-20T12:19:18","modified_gmt":"2017-04-20T11:19:18","slug":"veszprem-a-kiralynek-varosa","status":"publish","type":"post","link":"https:\/\/nyuz.elte.hu\/?p=2470","title":{"rendered":"Veszpr\u00e9m \u2013 A kir\u00e1lyn\u00e9k v\u00e1rosa"},"content":{"rendered":"<p>\u00dcdv\u00f6z\u00f6lj\u00fck a k\u00e9zilabda f\u0151v\u00e1ros\u00e1ban!<!--more--><\/p>\n<p>A Balatont\u00f3l nem messze tal\u00e1lhat\u00f3 az egyik legnagyobb t\u00f6rt\u00e9nelemmel rendelkez\u0151 magyar v\u00e1ros. Bemutatjuk haz\u00e1nk egyik legszelesebb, \u00e1m ann\u00e1l hangulatosabb kisv\u00e1ros\u00e1t, amit \u00e9rdemes mindenkinek legal\u00e1bb egyszer megn\u00e9zni \u2013 \u00e9s nem csak a k\u00e9zilabda szerelmeseinek\u2026<\/p>\n<p>Az elm\u00falt p\u00e1r <em>Helyvektor<\/em> trendi k\u00fclf\u00f6ldi helysz\u00ednei (Amszterdam, Pr\u00e1ga, Z\u00fcrich) \u00e9s a r\u00e9gen egyes r\u00e9tegek k\u00f6r\u00e9ben trendinek sz\u00e1m\u00edt\u00f3 R\u00e1k\u00f3czi t\u00e9r ut\u00e1n ez\u00fattal egy nagy m\u00falt\u00fa, b\u00e9k\u00e9s, felfedez\u00e9sre v\u00e1r\u00f3 60\u00a0000 f\u0151s telep\u00fcl\u00e9sre, a csod\u00e1latos Veszpr\u00e9m v\u00e1ros\u00e1ba l\u00e1togattunk el, ahol \u2013 m\u00e9ret\u00e9b\u0151l \u00e9s a v\u00e1r k\u00f6zponti fekv\u00e9s\u00e9b\u0151l kifoly\u00f3lag \u2013 elt\u00e9vedni ugyan nem lehet, de m\u00e9gis tartogat sz\u00e1munkra el\u00e9g programot egy hossz\u00fa h\u00e9tv\u00e9ge kellemes elt\u00f6lt\u00e9s\u00e9hez.<\/p>\n<p>Mindenekel\u0151tt n\u00e9h\u00e1ny alap inform\u00e1ci\u00f3: ha r\u00e1n\u00e9z\u00fcnk a t\u00e9rk\u00e9pre, akkor a v\u00e1rost nyugodtan nevezhetj\u00fck a Dun\u00e1nt\u00fal k\u00f6z\u00e9ppontj\u00e1nak. A Bakony legn\u00e9pesebb telep\u00fcl\u00e9s\u00e9t\u0151l alig p\u00e1r kilom\u00e9terre \u00e9vszakt\u00f3l f\u00fcgg\u0151en haz\u00e1nk legnagyobb s\u00edparadicsoma \u00e9s legnagyobb \u00fcd\u00fcl\u0151\u00f6vezete is megtal\u00e1lhat\u00f3, \u00edgy turisztikai szempontb\u00f3l egy igen szerencs\u00e9s v\u00e1rosnak nevezhetj\u00fck.<\/p>\n<p>Ha nem rendelkez\u00fcnk aut\u00f3val, akkor Veszpr\u00e9met \u00e9rdemes ink\u00e1bb busszal megk\u00f6zel\u00edteni, mint vonattal, ugyanis m\u00edg a vas\u00fat\u00e1llom\u00e1s kint van a v\u00e1ros \u00e9szaki hat\u00e1r\u00e1n t\u00fal, addig a buszp\u00e1lyaudvar a v\u00e1rosk\u00f6zpontban helyezkedik el. Budapestr\u0151l aut\u00f3val m\u00e1sf\u00e9l, t\u00f6megk\u00f6zleked\u00e9ssel k\u00e9t \u00e9s negyed \u00f3ra alatt lent vagyunk.<\/p>\n<p><a href=\"http:\/\/nyuz.elte.hu\/wp-content\/uploads\/sites\/6\/2017\/04\/Veszpr\u00e9m1.jpg\"><img loading=\"lazy\" decoding=\"async\" class=\"aligncenter size-large wp-image-2473\" src=\"http:\/\/nyuz.elte.hu\/wp-content\/uploads\/sites\/6\/2017\/04\/Veszpr\u00e9m1-1024x576.jpg\" alt=\"Veszpr\u00e9m1\" width=\"1024\" height=\"576\" srcset=\"https:\/\/nyuz.elte.hu\/wp-content\/uploads\/sites\/6\/2017\/04\/Veszpr\u00e9m1-1024x576.jpg 1024w, https:\/\/nyuz.elte.hu\/wp-content\/uploads\/sites\/6\/2017\/04\/Veszpr\u00e9m1-300x169.jpg 300w, https:\/\/nyuz.elte.hu\/wp-content\/uploads\/sites\/6\/2017\/04\/Veszpr\u00e9m1-768x432.jpg 768w, https:\/\/nyuz.elte.hu\/wp-content\/uploads\/sites\/6\/2017\/04\/Veszpr\u00e9m1-624x351.jpg 624w\" sizes=\"(max-width: 1024px) 100vw, 1024px\" \/><\/a><\/p>\n<p>A v\u00e1ros legszebb r\u00e9sze a belv\u00e1ros \u2013 \u00e9s itt nem a s\u00e9t\u00e1l\u00f3utc\u00e1r\u00f3l az \u00e9gbe magasod\u00f3 toronyh\u00e1zra gondolunk, mely 62 m\u00e9ter\u00e9vel Veszpr\u00e9m megye m\u00e1sodik legmagasabb \u00e9p\u00fclete a p\u00e1pai Nagytemplom k\u00e9t torny\u00e1t\u00f3l 10-10 m\u00e9terrel lemaradva, hanem \u2013 azon bel\u00fcl a m\u00e1r <strong>G\u00e9za<\/strong> fejedelem kor\u00e1ban, azaz t\u00f6bb, mint 1000 \u00e9ve is l\u00e9tez\u0151 v\u00e1rra gondolunk.<\/p>\n<p>A v\u00e1r<strong> I. (Szent) Istv\u00e1n<\/strong> kir\u00e1ly feles\u00e9g\u00e9nek, <strong>Gizell\u00e1nak<\/strong> a kedvenc tart\u00f3zkod\u00e1si helye volt, k\u00e9s\u0151bb \u00e9vsz\u00e1zadokon \u00e1t itt koron\u00e1zt\u00e1k meg a magyar kir\u00e1lyn\u00e9kat, innen a \u201ekir\u00e1lyn\u00e9k v\u00e1rosa\u201d elnevez\u00e9s. I. Istv\u00e1n itt gy\u0151zte le <strong>Kopp\u00e1ny<\/strong> seregeit, \u00edgy kulcshelysz\u00edne volt a kereszt\u00e9nys\u00e9g bevezet\u00e9s\u00e9\u00e9rt (is) v\u00edvott harcban.<\/p>\n<p>A v\u00e1r olyan, mint egy egyutc\u00e1s zs\u00e1kfalu. D\u00e9lkeleti bej\u00e1rata a Szabads\u00e1g t\u00e9ren \u00e9s az \u00d3v\u00e1ros t\u00e9ren \u00e1t k\u00f6zel\u00edthet\u0151 meg, ut\u00f3bbi helyen tal\u00e1lhat\u00f3 a V\u00e1rosh\u00e1za \u00e9p\u00fclete is. A T\u0171ztorony ut\u00e1n egy \u00e9les jobbos kanyar vezet fel a V\u00e1rkapuhoz. Kis andalg\u00e1s ut\u00e1n m\u00e1ris szem\u00fcnk el\u00e9 t\u00e1rul a Szent Mih\u00e1ly-sz\u00e9kesegyh\u00e1z, amely a veszpr\u00e9mi \u00e9rseks\u00e9g k\u00f6zpontj\u00e1nak tekinthet\u0151. Mellette a Gizella-k\u00e1polna, el\u0151tte a 41 m\u00e9ter m\u00e9lys\u00e9g\u0171 V\u00e1rk\u00fat ny\u00fajt szemet gy\u00f6ny\u00f6rk\u00f6dtet\u0151 l\u00e1tv\u00e1nyt.<\/p>\n<p><a href=\"http:\/\/nyuz.elte.hu\/wp-content\/uploads\/sites\/6\/2017\/04\/Veszpr\u00e9m3.jpg\"><img loading=\"lazy\" decoding=\"async\" class=\"aligncenter size-large wp-image-2471\" src=\"http:\/\/nyuz.elte.hu\/wp-content\/uploads\/sites\/6\/2017\/04\/Veszpr\u00e9m3-1024x576.jpg\" alt=\"Veszpr\u00e9m3\" width=\"1024\" height=\"576\" srcset=\"https:\/\/nyuz.elte.hu\/wp-content\/uploads\/sites\/6\/2017\/04\/Veszpr\u00e9m3-1024x576.jpg 1024w, https:\/\/nyuz.elte.hu\/wp-content\/uploads\/sites\/6\/2017\/04\/Veszpr\u00e9m3-300x169.jpg 300w, https:\/\/nyuz.elte.hu\/wp-content\/uploads\/sites\/6\/2017\/04\/Veszpr\u00e9m3-768x432.jpg 768w, https:\/\/nyuz.elte.hu\/wp-content\/uploads\/sites\/6\/2017\/04\/Veszpr\u00e9m3-624x351.jpg 624w\" sizes=\"(max-width: 1024px) 100vw, 1024px\" \/><\/a><\/p>\n<p>A sz\u00e9kesegyh\u00e1z mellett tov\u00e1bb s\u00e9t\u00e1lva el\u00e9r\u00fcnk a v\u00e1r fal\u00e1hoz, ahol maga I. Istv\u00e1n \u00e9s Gizella fogad benn\u00fcnket, pontosabban remek\u00fcl megform\u00e1lt k\u00f6z\u00f6s szobruk, mely m\u00f6g\u00f6tt f\u00e9lk\u00f6r alakban szem\u00fcnk el\u00e9 t\u00e1rul\u00f3 l\u00e1tv\u00e1ny\u00e9rt meg\u00e9ri megl\u00e1togatni a v\u00e1rost. Ha pedig a v\u00e1rr\u00f3l szeretn\u00e9nk gy\u00f6ny\u00f6r\u0171 k\u00e9peket k\u00e9sz\u00edteni, akkor a Benedek-hegyr\u0151l ennek a k\u00edv\u00e1ns\u00e1gunknak is eleget tehet\u00fcnk.<\/p>\n<p>Ha a Benedek-hegyr\u0151l jobbra ereszked\u00fcnk le, akkor a S\u00e9d-patak v\u00f6lgy\u00e9be \u00e9rkez\u00fcnk, mely az elm\u00falt \u00e9vekben szinte teljesen be\u00e9p\u00fclt k\u00fcl\u00f6nb\u00f6z\u0151 vill\u00e1kkal \u00e9s egy\u00e9b \u00e9p\u00fcletekkel. Ha balra vessz\u00fck az ir\u00e1nyt, akkor \u00e9rdemes a Szent Istv\u00e1n-viaduktot \u00e9rintve az \u00c1llatkert fel\u00e9 venni az ir\u00e1nyt, mely a F\u0151v\u00e1rosi \u00c1llat- \u00e9s N\u00f6v\u00e9nykert m\u00f6g\u00f6tt az egyik legsokf\u00e9l\u00e9bb \u00e1llatkertnek mondhat\u00f3, ahol a szurik\u00e1t\u00e1kt\u00f3l az oroszl\u00e1nokon \u00e1t a kir\u00e1lypitonig mindenf\u00e9le egzotikus \u00e1llat megtal\u00e1lhat\u00f3 \u00e9s di\u00e1kigazolv\u00e1nnyal m\u00e1r 1600 Ft-\u00e9rt l\u00e1togathat\u00f3.<\/p>\n<p><a href=\"http:\/\/nyuz.elte.hu\/wp-content\/uploads\/sites\/6\/2017\/04\/7c512-hiuz0506.1.jpg\"><img loading=\"lazy\" decoding=\"async\" class=\"aligncenter size-large wp-image-2474\" src=\"http:\/\/nyuz.elte.hu\/wp-content\/uploads\/sites\/6\/2017\/04\/7c512-hiuz0506.1-1024x683.jpg\" alt=\"7c512-hiuz0506.1\" width=\"1024\" height=\"683\" srcset=\"https:\/\/nyuz.elte.hu\/wp-content\/uploads\/sites\/6\/2017\/04\/7c512-hiuz0506.1-1024x683.jpg 1024w, https:\/\/nyuz.elte.hu\/wp-content\/uploads\/sites\/6\/2017\/04\/7c512-hiuz0506.1-300x200.jpg 300w, https:\/\/nyuz.elte.hu\/wp-content\/uploads\/sites\/6\/2017\/04\/7c512-hiuz0506.1-768x512.jpg 768w, https:\/\/nyuz.elte.hu\/wp-content\/uploads\/sites\/6\/2017\/04\/7c512-hiuz0506.1-624x416.jpg 624w, https:\/\/nyuz.elte.hu\/wp-content\/uploads\/sites\/6\/2017\/04\/7c512-hiuz0506.1.jpg 1833w\" sizes=\"(max-width: 1024px) 100vw, 1024px\" \/><\/a><\/p>\n<p>Az \u00e1llatkerten \u00e9s a v\u00e1ron k\u00edv\u00fcl Veszpr\u00e9m harmadik vonzereje a sport, eg\u00e9sz pontosan a k\u00e9zilabda, a v\u00e1rosban tal\u00e1lhat\u00f3 az elm\u00falt 40 \u00e9v alatt a vil\u00e1g egyik legjobb csapat\u00e1v\u00e1 v\u00e1l\u00f3 Telekom Veszpr\u00e9m, mely id\u00e9n v\u00e9gre szeretn\u00e9 beteljes\u00edteni sors\u00e1t, vagyis ami\u00e9rt imm\u00e1ron 40 \u00e9ve \u00e9p\u00edtkezik (a csapat kor\u00e1bbi neve Veszpr\u00e9mi \u00c9p\u00edt\u0151k\u2026): megnyerni a vil\u00e1g leger\u0151sebb versenysorozat\u00e1t, a Bajnokok Lig\u00e1j\u00e1t.<\/p>\n<p>Veszpr\u00e9mben minden megvan ahhoz, hogy egy 3 napos h\u00e9tv\u00e9g\u00e9t elt\u00f6lts\u00fcnk itt, c\u00e9lszer\u0171 \u00e1prilisban felkeresni!<\/p>\n","protected":false},"excerpt":{"rendered":"<p>\u00dcdv\u00f6z\u00f6lj\u00fck a k\u00e9zilabda f\u0151v\u00e1ros\u00e1ban!<\/p>\n","protected":false},"author":50,"featured_media":2472,"comment_status":"closed","ping_status":"closed","sticky":false,"template":"","format":"standard","meta":{"footnotes":""},"categories":[1,59],"tags":[133,77,286],"class_list":["post-2470","post","type-post","status-publish","format-standard","has-post-thumbnail","hentry","category-foldal","category-helyvektor","tag-helyvektor","tag-tetekas-nyuz","tag-veszprem"],"_links":{"self":[{"href":"https:\/\/nyuz.elte.hu\/index.php?rest_route=\/wp\/v2\/posts\/2470"}],"collection":[{"href":"https:\/\/nyuz.elte.hu\/index.php?rest_route=\/wp\/v2\/posts"}],"about":[{"href":"https:\/\/nyuz.elte.hu\/index.php?rest_route=\/wp\/v2\/types\/post"}],"author":[{"embeddable":true,"href":"https:\/\/nyuz.elte.hu\/index.php?rest_route=\/wp\/v2\/users\/50"}],"replies":[{"embeddable":true,"href":"https:\/\/nyuz.elte.hu\/index.php?rest_route=%2Fwp%2Fv2%2Fcomments&post=2470"}],"version-history":[{"count":1,"href":"https:\/\/nyuz.elte.hu\/index.php?rest_route=\/wp\/v2\/posts\/2470\/revisions"}],"predecessor-version":[{"id":2475,"href":"https:\/\/nyuz.elte.hu\/index.php?rest_route=\/wp\/v2\/posts\/2470\/revisions\/2475"}],"wp:featuredmedia":[{"embeddable":true,"href":"https:\/\/nyuz.elte.hu\/index.php?rest_route=\/wp\/v2\/media\/2472"}],"wp:attachment":[{"href":"https:\/\/nyuz.elte.hu\/index.php?rest_route=%2Fwp%2Fv2%2Fmedia&parent=2470"}],"wp:term":[{"taxonomy":"category","embeddable":true,"href":"https:\/\/nyuz.elte.hu\/index.php?rest_route=%2Fwp%2Fv2%2Fcategories&post=2470"},{"taxonomy":"post_tag","embeddable":true,"href":"https:\/\/nyuz.elte.hu\/index.php?rest_route=%2Fwp%2Fv2%2Ftags&post=2470"}],"curies":[{"name":"wp","href":"https:\/\/api.w.org\/{rel}","templated":true}]}}