{"id":2465,"date":"2017-04-20T12:10:58","date_gmt":"2017-04-20T11:10:58","guid":{"rendered":"http:\/\/nyuz.elte.hu\/?p=2465"},"modified":"2017-04-20T12:10:58","modified_gmt":"2017-04-20T11:10:58","slug":"dendrimerek-a-csodapolimerek","status":"publish","type":"post","link":"https:\/\/nyuz.elte.hu\/?p=2465","title":{"rendered":"Dendrimerek &#8211; A csodapolimerek?!"},"content":{"rendered":"<p>Vajon milyen lehet az az anyag, amit a gy\u00f3gy\u00e1szatban, a mez\u0151gazdas\u00e1gban, a \u201enanopartikulumok vil\u00e1g\u00e1ban\u201d, s\u0151t m\u00e9g a szenzorokn\u00e1l is haszn\u00e1lnak? Ami ennyi mindenre j\u00f3, tal\u00e1n m\u00e9gsem j\u00f3 semmire? A k\u00f6vetkez\u0151kben a dendrimerek vil\u00e1g\u00e1ba ny\u00fajtok egy kis betekint\u00e9st. Megtudhatj\u00e1tok mi ez a \u201ecsodapolimer\u201d \u00e9s hogy mi mindenre j\u00f3.<!--more--><\/p>\n<p>A dendrimerek ism\u00e9tl\u0151d\u0151en el\u00e1gaz\u00f3 molekul\u00e1k. Nev\u00fck a g\u00f6r\u00f6g <em>dendro<\/em> sz\u00f3b\u00f3l ered, ami f\u00e1t jelent, mag\u00e1t a dendrimer sz\u00f3t a \u201efa r\u00e9sz\u00e9nek\u201d ford\u00edthatn\u00e1nk, mivel ezek a molekul\u00e1k \u00fagy n\u00e9znek ki, mint a fa lombkoron\u00e1ja a levelek n\u00e9lk\u00fcl. Jellemz\u0151en mag k\u00f6r\u00fcli szimmetrikus szerkezetet mutatnak, amely gyakran k\u00f6lcs\u00f6n\u00f6z nekik g\u00f6mb alak\u00fa 3-dimenzi\u00f3s morfol\u00f3gi\u00e1t. A dendron sz\u00f3val is gyakran tal\u00e1lkozhatunk. Ez \u00e1ltal\u00e1ban tartalmaz egy k\u00e9miailag \u201ec\u00edmk\u00e9zhet\u0151\u201d csoportot, amit f\u00f3kusz pontnak vagy magnak nevez\u00fcnk.<\/p>\n<p><strong>Felfedez\u00e9s\u00fck<\/strong><\/p>\n<p>Az els\u0151 dendrimert 1978-ban <strong>Fritz V\u00f6gtle<\/strong> \u00e9s munkat\u00e1rsai \u00e1ll\u00edtott\u00e1k el\u0151 egy \u201ekaszk\u00e1d vagy nem l\u00e1nc szer\u0171\u201d szint\u00e9zissel. Azt\u00e1n felgyorsultak az esem\u00e9nyek \u00e9s sorra szintetiz\u00e1ltak \u00fajabb \u00e9s \u00fajabb dendrimereket: 1981-ben <strong>R.G. Denkewalte<\/strong>, 1983-ban \u00e9s 1985-ben <strong>Donald Tomalia<\/strong> \u00e9s ugyancsak 1985-ben <strong>George R. Newkome<\/strong>. Az 1990-es \u00e9vek \u00f3ta \u00a0n\u00e9pszer\u0171s\u00e9g\u00fck csak egyre n\u00f6vekszik, mi sem bizony\u00edtja ezt jobban, hogy m\u00e9g ugyan csak m\u00e1rcius van, de id\u00e9n m\u00e1r 167 orvosi vonatkoz\u00e1s\u00fa publik\u00e1ci\u00f3t lek\u00f6z\u00f6ltek a t\u00e9m\u00e1val kapcsolatban.<\/p>\n<p><strong>Tulajdons\u00e1gaik<\/strong><\/p>\n<p>A dendritikus polimerekre szerkezeti t\u00f6k\u00e9letess\u00e9g jellemz\u0151. A dendrimerek \u00e9s dendronok monodiszperzek \u00e9s \u00e1ltal\u00e1ban nagyon szimmetrikus, g\u00f6mb alak\u00fa vegy\u00fcletek. A dendritikus molekul\u00e1k nagyj\u00e1b\u00f3l k\u00e9t csoportra oszthat\u00f3k, kis \u00e9s nagy molekulat\u00f6meg\u0171ekre. Az els\u0151 csoportba a dendrimerek \u00e9s a dendronok, ut\u00f3bbiba a dendroniz\u00e1lt polimerek tartoznak. Tulajdons\u00e1gaikat a molekul\u00e1ris felsz\u00edn\u00fck\u00f6n l\u00e9v\u0151 funkcin\u00e1lis csoportjaik hat\u00e1rozz\u00e1k meg. A funkcion\u00e1lis molekul\u00e1k dendritikus polimerekbe val\u00f3 z\u00e1r\u00e1sa lehet\u0151v\u00e9 teszi akt\u00edv hely\u00fck elszigetel\u00e9s\u00e9t, ez\u00e1ltal olyan molekul\u00e1k keletkeznek, amelyek a biomolekul\u00e1k akt\u00edv helyeit ut\u00e1nozz\u00e1k. Hab\u00e1r a polimerek nem v\u00edzold\u00e9konyak, a dendrimeket m\u00e9gis azz\u00e1 lehet tenni \u00fagy, hogy a funkcion\u00e1l\u00f3 k\u00fcls\u0151 h\u00e9jukra t\u00f6lt\u00f6tt r\u00e9szecsk\u00e9ket vagy m\u00e1s hidrofil csoportokat k\u00f6tnek. Tov\u00e1bbi szab\u00e1lyozhat\u00f3 tulajdons\u00e1gaik is vannak, ilyen a toxicit\u00e1s, a krist\u00e1lyoss\u00e1g, a tecto-dendrimer k\u00e9pz\u0151d\u00e9s \u00e9s a kiralit\u00e1s.\u00a0 A dendrimeket gener\u00e1ci\u00f3k szerint is oszt\u00e1lyozhatjuk, amely az el\u00e1gaz\u00f3 ciklusok ism\u00e9tl\u0151d\u00e9s\u00e9nek sz\u00e1m\u00e1ra utal, amelyek a szint\u00e9zis alatt k\u00e9pz\u0151dtek. P\u00e9ld\u00e1ul ha egy dendrimer konvergens szint\u00e9zissel k\u00e9sz\u00fclt \u00e9s az el\u00e1gaz\u00e1si reakci\u00f3 a k\u00f6zponti molekul\u00e1nh\u00e1romszor megy v\u00e9gbe, akkor az eredm\u00e9ny egy harmadik gener\u00e1ci\u00f3s dendrimer. Minden egym\u00e1st k\u00f6vet\u0151 gener\u00e1ci\u00f3 eredm\u00e9ny\u00e9nek molekulat\u00f6mege durv\u00e1n a k\u00e9tszerese az el\u0151z\u0151 gener\u00e1ci\u00f3 dendrimer\u00e9nek. Min\u00e9l magasabb gener\u00e1ci\u00f3j\u00fa polimerr\u0151l besz\u00e9l\u00fcnk, ann\u00e1l t\u00f6bb k\u00fcls\u0151 funcion\u00e1lis csoporttal rendelkezik, amely k\u00e9s\u0151bb megszabja a molekula felhaszn\u00e1l\u00e1si lehet\u0151s\u00e9geit. Szint\u00e9zis\u00fck h\u00e1romf\u00e9lek\u00e9pp t\u00f6rt\u00e9nhet. Lehet divergens vagy konvergens met\u00f3dus szerint, de lehet a \u201ec\u00edmk\u00e9z\u0151\u201d (click chemistry) m\u00f3dszerrel.<\/p>\n<p><a href=\"http:\/\/nyuz.elte.hu\/wp-content\/uploads\/sites\/6\/2017\/04\/imgb0021.png\"><img loading=\"lazy\" decoding=\"async\" class=\"aligncenter  wp-image-2466\" src=\"http:\/\/nyuz.elte.hu\/wp-content\/uploads\/sites\/6\/2017\/04\/imgb0021-1024x920.png\" alt=\"imgb0021\" width=\"456\" height=\"399\" \/><\/a><\/p>\n<p><strong>Felhaszn\u00e1l\u00e1suk<\/strong><\/p>\n<p>A t\u00f6bb mint \u00f6tven dendrimer csal\u00e1dnak, a maguk egy\u00e9ni tulajdons\u00e1gaival, sz\u00e1mos felhaszn\u00e1l\u00e1si ter\u00fclete van. Kezdj\u00fck a gy\u00f3gy\u00e1szatban haszn\u00e1ltakkal. Ezek anal\u00f3gok a feh\u00e9rj\u00e9kkel, enzimekkel valamint v\u00edrusokkal \u00e9s k\u00f6nnyen funkcion\u00e1liss\u00e1 tehet\u0151k. Ezek a biomolekul\u00e1k lehetnek a perif\u00e9ri\u00e1n vagy a dendrimerek belsej\u00e9ben. Haszn\u00e1lhat\u00f3 r\u00e1kellenes szerek seg\u00e9danyagak\u00e9nt, \u00edgy lehet kontroll\u00e1lni \u00e9s specifik\u00e1lni a gy\u00f3gyszer sz\u00e1ll\u00edt\u00e1s\u00e1t a szervezetben, ami igen felkapott t\u00e9ma a nanomedicin\u00e1ban. K\u00fcl\u00f6nb\u00f6z\u0151 strat\u00e9gi\u00e1k vannak arra n\u00e9zve, hogy gy\u00f3gyszermolekul\u00e1kat, genetikai anyagokat, c\u00e9lz\u00f3hat\u00f3anyagokat \u00e9s fest\u00e9keket ily m\u00f3don alkalmazz\u00e1k, ilyen az enkapszul\u00e1ci\u00f3, a komplex\u00e1ci\u00f3 \u00e9s a konjug\u00e1ci\u00f3. 1982-ben <strong>Maciejewski<\/strong> \u00e9s munkat\u00e1rsai voltak az els\u0151k, akik ezeket a s\u0171r\u0171n el\u00e1gaz\u00f3 molekul\u00e1kat \u201emolekul\u00e1ris kont\u00e9nerekk\u00e9nt\u201d hasznos\u00edtott\u00e1k. A nem szteroid alap\u00fa gyullad\u00e1scs\u00f6kkent\u0151k klinikai, sz\u00e1jon \u00e1t (per os) t\u00f6rt\u00e9n\u0151 alkalmaz\u00e1sa korl\u00e1tolt a gasztrointesztin\u00e1lis \u00e9s ren\u00e1lis mell\u00e9khat\u00e1saik miatt. A transzderm\u00e1lis gy\u00f3gyszer adagol\u00e1s megold\u00e1s lehet erre a probl\u00e9m\u00e1ra \u00e9s magasan tartja a ter\u00e1pia alatt a v\u00e9rben a gy\u00f3gyszer szintj\u00e9t. A b\u0151r barrier funkci\u00f3ja miatt ez az adagol\u00e1si t\u00edpus nehezen megoldhat\u00f3, de a dendrimerek ebben is seg\u00edts\u00e9g\u00e9re vannak az orvosoknak. A g\u00e9nter\u00e1pi\u00e1ban is nagy szerep\u00fck lehet. A dendrimer alap\u00fa f\u00e9mkel\u00e1tok a m\u00e1gneses rezonanci\u00e1n alapul\u00f3 k\u00e9palkot\u00e1sban kontrasztanyagk\u00e9nt szolg\u00e1lnak, tulajdons\u00e1gaik rendk\u00edv\u00fcl alkalmasak erre a feladatra. Balzani \u00e9s munkat\u00e1rsai felfedeztek egy negyedik gener\u00e1ci\u00f3s fluoreszcens poli- (poli\u00e9n amin) dendrimert, amely 30 alif\u00e1s amino csoportot tartalmaz a fel\u00fclet\u00e9n, \u00edgy alkalmas f\u00e9mionok koordin\u00e1l\u00e1s\u00e1ra. Ut\u00f3bbit akkor \u00e9szlelt\u00e9k, amikor Co<sup>2+<\/sup> ionok hozz\u00e1ad\u00e1s\u00e1val ez a fluoreszcencia elnyom\u00f3dott. Ezen tulajdons\u00e1ga miatt szenzork\u00e9nt is j\u00f3l m\u0171k\u00f6dik. Kialak\u00edthat\u00f3 egy olyan mesters\u00e9ges \u201emicella\u201d is, amelynek k\u00fcls\u0151 \u00e9s bels\u0151 csoportjai is hidrof\u00f3bok, ez\u00e1ltal az \u00e9l\u0151 szervezetben gy\u00f3gyszermolekul\u00e1k sz\u00e1ll\u00edthat\u00f3k belsej\u00fckben. A fotodinamikus ter\u00e1pia (PDT) azon az elven m\u0171k\u00f6dik, hogy fotoszint\u00e9zisben szerepet j\u00e1tsz\u00f3 \u00e1genseket aktiv\u00e1l\u00f3dnak a l\u00e1that\u00f3 \u00e9s a k\u00f6zeli infrav\u00f6r\u00f6s f\u00e9ny hat\u00e1s\u00e1ra. A gerjeszt\u00e9s miatt magas energi\u00e1j\u00fa \u00e1llapot alakul ki, amely reakt\u00edv oxig\u00e9n gy\u00f6k\u00f6k k\u00e9pz\u0151d\u00e9s\u00e9hez vezet, \u00edgy v\u00e9gs\u0151 soron nekr\u00f3zist vagy apopt\u00f3zist induk\u00e1l a r\u00e1kos sejtekben. Csak az ut\u00f3bbi p\u00e1r \u00e9vben fedeztek fel, olyan a dendrimereket, amelyek PDT anyagokat is tudnak sz\u00e1ll\u00edtani. Ez jav\u00edtja a tumor szelektivit\u00e1st, retenci\u00f3t \u00e9s farmakokinetik\u00e1t. Egy\u00e9b alkalmaz\u00e1sk\u00e9nt meg kell eml\u00edten\u00fcnk, hogy ugyan ilyen \u201ecsodapolimereket\u201d haszn\u00e1lnak a kozmetikai iparban, hogy a v\u00edz alap\u00fa term\u00e9keiket megtiszt\u00edts\u00e1k a szennyez\u0151 anyagokt\u00f3l (toxikus f\u00e9mionokt\u00f3l \u00e9s szervetlen oldott anyagokt\u00f3l). Tov\u00e1bb\u00e1 ilyet is haszn\u00e1lnak a nagyon \u00e9rz\u00e9keny analitikai eszk\u00f6z\u00f6kn\u00e9l, kontraszt anyagk\u00e9nt az MRI-n\u00e9l, a prion kutat\u00e1sban \u00e9s az \u00e9g\u00e9si s\u00e9r\u00fcl\u00e9sek kezel\u00e9s\u00e9n\u00e9l.<\/p>\n<p><a href=\"http:\/\/nyuz.elte.hu\/wp-content\/uploads\/sites\/6\/2017\/04\/c5ra03651h-f1_hi-res.gif\"><img loading=\"lazy\" decoding=\"async\" class=\"aligncenter  wp-image-2467\" src=\"http:\/\/nyuz.elte.hu\/wp-content\/uploads\/sites\/6\/2017\/04\/c5ra03651h-f1_hi-res-1024x756.gif\" alt=\"c5ra03651h-f1_hi-res\" width=\"810\" height=\"570\" \/><\/a><\/p>\n<p>L\u00e1thatjuk, hogy alkalmaz\u00e1suk igen sz\u00e9les spektrumot fed le \u00e9s adotts\u00e1gaik tov\u00e1bbi lehet\u0151s\u00e9gekkel kecsegtetnek, \u00edgy nem v\u00e9letlen kit\u00fcntetett szerep\u00fck.<\/p>\n<p style=\"text-align: right;\">Forr\u00e1s:<br \/>\n<em>en.wikipedia.org<\/em><br \/>\n<em>Buhleier E, Wehner W, V\u00f6gtle, F&#8221;Cascade&#8221;- and &#8222;Nonskid-Chain-like&#8221; Syntheses of Molecular Cavity Topologies. Synthesis. 1978(2): 155-158. doi: 10.1055\/s-1978-24702.<\/em><br \/>\n<em>Abbasi E, Aval SF, Akbarzadeh A, et al. Dendrimers: synthesis, applications, and properties. Nanoscale Research Letters. 2014;9(1):247. doi:10.1186\/1556-276X-9-247.<\/em><\/p>\n<p>&nbsp;<\/p>\n","protected":false},"excerpt":{"rendered":"<p>Vajon milyen lehet az az anyag, amit a gy\u00f3gy\u00e1szatban, a mez\u0151gazdas\u00e1gban, a \u201enanopartikulumok vil\u00e1g\u00e1ban\u201d, s\u0151t m\u00e9g a szenzorokn\u00e1l is haszn\u00e1lnak? Ami ennyi mindenre j\u00f3, tal\u00e1n m\u00e9gsem j\u00f3 semmire? A k\u00f6vetkez\u0151kben a dendrimerek vil\u00e1g\u00e1ba ny\u00fajtok egy kis betekint\u00e9st. Megtudhatj\u00e1tok mi ez a \u201ecsodapolimer\u201d \u00e9s hogy mi mindenre j\u00f3.<\/p>\n","protected":false},"author":69,"featured_media":2468,"comment_status":"closed","ping_status":"closed","sticky":false,"template":"","format":"standard","meta":{"footnotes":""},"categories":[1,56],"tags":[671,77,73],"class_list":["post-2465","post","type-post","status-publish","format-standard","has-post-thumbnail","hentry","category-foldal","category-ttt","tag-dendrimer","tag-tetekas-nyuz","tag-ttt"],"_links":{"self":[{"href":"https:\/\/nyuz.elte.hu\/index.php?rest_route=\/wp\/v2\/posts\/2465"}],"collection":[{"href":"https:\/\/nyuz.elte.hu\/index.php?rest_route=\/wp\/v2\/posts"}],"about":[{"href":"https:\/\/nyuz.elte.hu\/index.php?rest_route=\/wp\/v2\/types\/post"}],"author":[{"embeddable":true,"href":"https:\/\/nyuz.elte.hu\/index.php?rest_route=\/wp\/v2\/users\/69"}],"replies":[{"embeddable":true,"href":"https:\/\/nyuz.elte.hu\/index.php?rest_route=%2Fwp%2Fv2%2Fcomments&post=2465"}],"version-history":[{"count":1,"href":"https:\/\/nyuz.elte.hu\/index.php?rest_route=\/wp\/v2\/posts\/2465\/revisions"}],"predecessor-version":[{"id":2469,"href":"https:\/\/nyuz.elte.hu\/index.php?rest_route=\/wp\/v2\/posts\/2465\/revisions\/2469"}],"wp:featuredmedia":[{"embeddable":true,"href":"https:\/\/nyuz.elte.hu\/index.php?rest_route=\/wp\/v2\/media\/2468"}],"wp:attachment":[{"href":"https:\/\/nyuz.elte.hu\/index.php?rest_route=%2Fwp%2Fv2%2Fmedia&parent=2465"}],"wp:term":[{"taxonomy":"category","embeddable":true,"href":"https:\/\/nyuz.elte.hu\/index.php?rest_route=%2Fwp%2Fv2%2Fcategories&post=2465"},{"taxonomy":"post_tag","embeddable":true,"href":"https:\/\/nyuz.elte.hu\/index.php?rest_route=%2Fwp%2Fv2%2Ftags&post=2465"}],"curies":[{"name":"wp","href":"https:\/\/api.w.org\/{rel}","templated":true}]}}