{"id":2378,"date":"2017-03-20T13:53:45","date_gmt":"2017-03-20T12:53:45","guid":{"rendered":"http:\/\/nyuz.elte.hu\/?p=2378"},"modified":"2017-03-20T13:54:07","modified_gmt":"2017-03-20T12:54:07","slug":"a-puhatestuektol-a-steampunkig-a-rakoczi-ter-helyei","status":"publish","type":"post","link":"https:\/\/nyuz.elte.hu\/?p=2378","title":{"rendered":"A puhatest\u0171ekt\u0151l a steampunkig &#8211; A R\u00e1k\u00f3czi t\u00e9r helyei"},"content":{"rendered":"<p>Ebben a picit rendhagy\u00f3 cikkben nem egy konkr\u00e9t k\u00e1v\u00e9z\u00f3t vagy egy\u00e9b vend\u00e9gl\u00e1t\u00f3ipari l\u00e9tes\u00edtm\u00e9nyt szeretn\u00e9k bemutatni, hanem t\u00f6bb olyat, amiben egy k\u00f6z\u00f6s van: a R\u00e1k\u00f3czi t\u00e9ren fellelhet\u0151ek. Ennek a t\u00e9rnek vannak s\u00f6t\u00e9t foltok is a m\u00faltj\u00e1ban, de a kezdetek kezdet\u00e9n itt \u00fczemelt Budapest els\u0151 t\u00e9glavet\u0151je, majd k\u00e9s\u0151bb borj\u00fapiacnak is haszn\u00e1lt\u00e1k. Mai nev\u00e9t 1871-ben kapta \u00e9s 1892 \u00f3ta v\u00e1s\u00e1rcsarnok is \u00fczemel a t\u00e9ren.<\/p>\n<p><a href=\"http:\/\/nyuz.elte.hu\/wp-content\/uploads\/sites\/6\/2017\/03\/5232292_ac07c7d0e89e872b76cba12d1d66a3b8_t-1.jpg\"><img loading=\"lazy\" decoding=\"async\" class=\"aligncenter size-large wp-image-2379\" src=\"http:\/\/nyuz.elte.hu\/wp-content\/uploads\/sites\/6\/2017\/03\/5232292_ac07c7d0e89e872b76cba12d1d66a3b8_t-1-1024x684.jpg\" alt=\"5232292_ac07c7d0e89e872b76cba12d1d66a3b8_t (1)\" width=\"1024\" height=\"684\" srcset=\"https:\/\/nyuz.elte.hu\/wp-content\/uploads\/sites\/6\/2017\/03\/5232292_ac07c7d0e89e872b76cba12d1d66a3b8_t-1-1024x684.jpg 1024w, https:\/\/nyuz.elte.hu\/wp-content\/uploads\/sites\/6\/2017\/03\/5232292_ac07c7d0e89e872b76cba12d1d66a3b8_t-1-300x200.jpg 300w, https:\/\/nyuz.elte.hu\/wp-content\/uploads\/sites\/6\/2017\/03\/5232292_ac07c7d0e89e872b76cba12d1d66a3b8_t-1-768x513.jpg 768w, https:\/\/nyuz.elte.hu\/wp-content\/uploads\/sites\/6\/2017\/03\/5232292_ac07c7d0e89e872b76cba12d1d66a3b8_t-1-624x417.jpg 624w, https:\/\/nyuz.elte.hu\/wp-content\/uploads\/sites\/6\/2017\/03\/5232292_ac07c7d0e89e872b76cba12d1d66a3b8_t-1.jpg 1200w\" sizes=\"(max-width: 1024px) 100vw, 1024px\" \/><\/a><\/p>\n<p>S\u00e9t\u00e1nkat kezdj\u00fck a csarnok m\u00f6g\u00f6tti utc\u00e1n\u00e1l. Itt tal\u00e1lhat\u00f3 a CUCC nev\u0171 k\u00e1v\u00e9z\u00f3 \u00e9s haszn\u00e1lt holmi lel\u0151hely. A hely m\u00e9reteib\u0151l ad\u00f3dik, hogy nem lehet nem besz\u00e9lgetni a kedves barista fi\u00faval. K\u00e1v\u00e9szak\u00e9rt\u0151 bar\u00e1tn\u0151m, akit\u0151l a helyr\u0151l el\u0151sz\u00f6r hallottam, ragaszkodott hozz\u00e1, hogy a cikkben szerepeljen a filter k\u00e1v\u00e9 kifejez\u00e9s,\u00a0ami egy\u00e9bk\u00e9nt azt jelenti, hogy egy sz\u0171r\u0151ben l\u00e9v\u0151 k\u00e1v\u00e9n folyatnak \u00e1t forr\u00f3 vizet extra nyom\u00e1s n\u00e9lk\u00fcl. Ez b\u00e1r nagyon egyszer\u0171en hangzik, csak n\u00e9h\u00e1ny k\u00e1v\u00e9z\u00f3ban tal\u00e1lkozhatunk vele, pedig ezzel az elk\u00e9sz\u00edt\u00e9ssel hozhat\u00f3 ki a k\u00e1v\u00e9b\u00f3l a term\u0151ter\u00fclet\u00e9re legink\u00e1bb jellemz\u0151 \u00edzvil\u00e1g.<\/p>\n<p>&nbsp;<\/p>\n<p>R\u00f6gt\u00f6n a k\u00e1v\u00e9z\u00f3t\u00f3l jobbra van egy m\u00e1sik second hand ruhabolt, ahol el\u00e9g furcsa st\u00edlus\u00fa ruh\u00e1k k\u00f6z\u00f6tt v\u00e1logathatunk. \u00c9rdekess\u00e9gnek mindenk\u00e9pp \u00e9rdemes egyszer megn\u00e9zni.<\/p>\n<p><a href=\"http:\/\/nyuz.elte.hu\/wp-content\/uploads\/sites\/6\/2017\/03\/636041290845371298882094614_national-coffee-day-2015-ftr.jpg\"><img loading=\"lazy\" decoding=\"async\" class=\"aligncenter size-large wp-image-2380\" src=\"http:\/\/nyuz.elte.hu\/wp-content\/uploads\/sites\/6\/2017\/03\/636041290845371298882094614_national-coffee-day-2015-ftr-1024x640.jpg\" alt=\"636041290845371298882094614_national-coffee-day-2015-ftr\" width=\"1024\" height=\"640\" srcset=\"https:\/\/nyuz.elte.hu\/wp-content\/uploads\/sites\/6\/2017\/03\/636041290845371298882094614_national-coffee-day-2015-ftr-1024x640.jpg 1024w, https:\/\/nyuz.elte.hu\/wp-content\/uploads\/sites\/6\/2017\/03\/636041290845371298882094614_national-coffee-day-2015-ftr-300x188.jpg 300w, https:\/\/nyuz.elte.hu\/wp-content\/uploads\/sites\/6\/2017\/03\/636041290845371298882094614_national-coffee-day-2015-ftr-768x480.jpg 768w, https:\/\/nyuz.elte.hu\/wp-content\/uploads\/sites\/6\/2017\/03\/636041290845371298882094614_national-coffee-day-2015-ftr-624x390.jpg 624w, https:\/\/nyuz.elte.hu\/wp-content\/uploads\/sites\/6\/2017\/03\/636041290845371298882094614_national-coffee-day-2015-ftr.jpg 1240w\" sizes=\"(max-width: 1024px) 100vw, 1024px\" \/><\/a><\/p>\n<p>A k\u00f6vetkez\u0151 hely, ahov\u00e1 eb\u00e9did\u0151ben a legjobb bet\u00e9rni, a Csiga Caf\u00e9. D\u00e9l k\u00f6r\u00fcl sz\u00e1m\u00edtani lehet arra, hogy p\u00e1r percet v\u00e1rnunk kell, mire felszabadul egy asztal. Ha seg\u00edts\u00e9get k\u00e9r\u00fcnk a kedves pinc\u00e9rekt\u0151l, akkor nyugodtan le\u00fclhet\u00fcnk addig egy kinti padra, \u00e9s \u0151k sz\u00f3lnak, amikor mi k\u00f6vetkez\u00fcnk. Ez a kedvenc eb\u00e9del\u0151 helyem Budapesten. Hetente v\u00e1ltoz\u00f3 men\u00fcvel v\u00e1rnak minket h\u00e9tk\u00f6znaponk\u00e9nt d\u00e9l \u00e9s d\u00e9lut\u00e1n n\u00e9gy \u00f3ra k\u00f6z\u00f6tt. A k\u00edn\u00e1latban mindig el\u0151fordulnak olyan \u00e9rdekes \u00e9telek, amiket Google n\u00e9lk\u00fcl nem tudok \u00e9rtelmezni: p\u00e9ld\u00e1ul pilaf, quesadilla, paella, polenta, muszaka&#8230; Ezen k\u00edv\u00fcl az\u00e9rt ismer\u0151sebb, magyaros \u00edzvil\u00e1g\u00fa \u00e9telek is felker\u00fclnek minden h\u00e9ten a list\u00e1ra, ez\u00e9rt a k\u00fclf\u00f6ldi bar\u00e1taimat ide szoktam elhozni. Ezut\u00e1n k\u00e9tf\u00e9le desszert k\u00f6z\u00fcl lehet v\u00e1lasztani, \u00e1m ezek mindig annyira j\u00f3l hangzanak, hogy \u00e9let\u00fcnk legnehezebb v\u00e1laszt\u00e1sa el\u00e9 \u00e1ll\u00edtanak minket, amikor d\u00f6nten\u00fcnk kell. A legut\u00f3bb sajnos pont nem \u00edzlett annyira a feh\u00e9rcsokis mousse, de \u00e1ltal\u00e1ban ezekben sem szoktam csal\u00f3dni. Mik\u00f6zben elfogyasztjuk \u00e9tk\u00fcnket, azon is gondolkozhatunk, hogy a falakon lev\u0151 festm\u00e9nyek vajon mit \u00e1br\u00e1zolnak.<\/p>\n<p><a href=\"http:\/\/nyuz.elte.hu\/wp-content\/uploads\/sites\/6\/2017\/03\/40-41_CsigaCafe1-HN.jpg\"><img loading=\"lazy\" decoding=\"async\" class=\"aligncenter size-large wp-image-2381\" src=\"http:\/\/nyuz.elte.hu\/wp-content\/uploads\/sites\/6\/2017\/03\/40-41_CsigaCafe1-HN-1024x683.jpg\" alt=\"40-41_CsigaCafe1-HN\" width=\"1024\" height=\"683\" srcset=\"https:\/\/nyuz.elte.hu\/wp-content\/uploads\/sites\/6\/2017\/03\/40-41_CsigaCafe1-HN-1024x683.jpg 1024w, https:\/\/nyuz.elte.hu\/wp-content\/uploads\/sites\/6\/2017\/03\/40-41_CsigaCafe1-HN-300x200.jpg 300w, https:\/\/nyuz.elte.hu\/wp-content\/uploads\/sites\/6\/2017\/03\/40-41_CsigaCafe1-HN-768x512.jpg 768w, https:\/\/nyuz.elte.hu\/wp-content\/uploads\/sites\/6\/2017\/03\/40-41_CsigaCafe1-HN-624x416.jpg 624w\" sizes=\"(max-width: 1024px) 100vw, 1024px\" \/><\/a><\/p>\n<p>A legutols\u00f3 helyet est\u00e9re aj\u00e1nlan\u00e1m. A Krak\u2019n Town nagyon l\u00e1tv\u00e1nyos hely, ami a steampunk vil\u00e1g\u00e1t id\u00e9zi. Honlapjuk szerint ez<\/p>\n<blockquote><p>\u201eegy kort\u00e1rs m\u0171v\u00e9szeti ir\u00e1nyzat, aminek gy\u00f6kerei H G. Wells \u00e9s Jules Verne munk\u00e1ss\u00e1g\u00e1ig ny\u00falnak vissza\u201d.<\/p><\/blockquote>\n<p>Pontosan le\u00edrni ezt a st\u00edlust nagyon neh\u00e9z, de b\u00e1rki meg\u00e9rti mir\u0151l van sz\u00f3, ha egyszer idet\u00e9ved. Ezen a helyen aj\u00e1nlom a s\u00f6rk\u00f3stol\u00f3t, amit az \u00e9pp aktu\u00e1lisan csapon l\u00e9v\u0151 8 fajta s\u00f6rb\u0151l \u00e1ll\u00edtanak \u00f6ssze. A nyolcszor kb. 2 dl italt egy fogasker\u00e9ken szolg\u00e1lj\u00e1k fel \u00e9s 1700 Ft-ba ker\u00fcl. Az aktu\u00e1lis s\u00e9f aj\u00e1nlata lazacder\u00e9k volt, csup\u00e1n 4990 Ft-\u00e9rt, sz\u00f3val ezt sajnos nem az egyetemist\u00e1kra kalibr\u00e1lt\u00e1k, \u00edgy ottl\u00e9t\u00fcnkkor nem is fogyasztottunk m\u00e1st a s\u00f6r\u00f6n k\u00edv\u00fcl.<\/p>\n<p><a href=\"http:\/\/nyuz.elte.hu\/wp-content\/uploads\/sites\/6\/2017\/03\/helyveki_vevi_r\u00e1k\u00f3czi.jpg\"><img loading=\"lazy\" decoding=\"async\" class=\"aligncenter size-full wp-image-2382\" src=\"http:\/\/nyuz.elte.hu\/wp-content\/uploads\/sites\/6\/2017\/03\/helyveki_vevi_r\u00e1k\u00f3czi.jpg\" alt=\"helyveki_vevi_r\u00e1k\u00f3czi\" width=\"640\" height=\"640\" srcset=\"https:\/\/nyuz.elte.hu\/wp-content\/uploads\/sites\/6\/2017\/03\/helyveki_vevi_r\u00e1k\u00f3czi.jpg 640w, https:\/\/nyuz.elte.hu\/wp-content\/uploads\/sites\/6\/2017\/03\/helyveki_vevi_r\u00e1k\u00f3czi-300x300.jpg 300w, https:\/\/nyuz.elte.hu\/wp-content\/uploads\/sites\/6\/2017\/03\/helyveki_vevi_r\u00e1k\u00f3czi-624x624.jpg 624w\" sizes=\"(max-width: 640px) 100vw, 640px\" \/><\/a><\/p>\n<p>A fentebb le\u00edrt t\u00far\u00e1t nem musz\u00e1j egy napra s\u0171r\u00edteni, t\u00f6bbsz\u00f6r is vissza-visszat\u00e9rhet\u00fcnk a R\u00e1k\u00f3czi t\u00e9rre.<\/p>\n","protected":false},"excerpt":{"rendered":"<p>Ebben a picit rendhagy\u00f3 cikkben nem egy konkr\u00e9t k\u00e1v\u00e9z\u00f3t vagy egy\u00e9b vend\u00e9gl\u00e1t\u00f3ipari l\u00e9tes\u00edtm\u00e9nyt szeretn\u00e9k bemutatni, hanem t\u00f6bb olyat, amiben egy k\u00f6z\u00f6s van: a R\u00e1k\u00f3czi t\u00e9ren fellelhet\u0151ek. Ennek a t\u00e9rnek vannak s\u00f6t\u00e9t foltok is a m\u00faltj\u00e1ban, de a kezdetek kezdet\u00e9n itt \u00fczemelt Budapest els\u0151 t\u00e9glavet\u0151je, majd k\u00e9s\u0151bb borj\u00fapiacnak is haszn\u00e1lt\u00e1k. Mai nev\u00e9t 1871-ben kapta \u00e9s 1892 \u00f3ta v\u00e1s\u00e1rcsarnok is \u00fczemel a t\u00e9ren. S\u00e9t\u00e1nkat kezdj\u00fck a csarnok m\u00f6g\u00f6tti utc\u00e1n\u00e1l. Itt tal\u00e1lhat\u00f3 a CUCC nev\u0171 k\u00e1v\u00e9z\u00f3 \u00e9s haszn\u00e1lt holmi lel\u0151hely. A hely m\u00e9reteib\u0151l ad\u00f3dik, hogy nem lehet nem besz\u00e9lgetni a kedves barista fi\u00faval.&hellip;<\/p>\n","protected":false},"author":62,"featured_media":2379,"comment_status":"closed","ping_status":"closed","sticky":false,"template":"","format":"standard","meta":{"footnotes":""},"categories":[1,59],"tags":[646,645,133,647,644],"class_list":["post-2378","post","type-post","status-publish","format-standard","has-post-thumbnail","hentry","category-foldal","category-helyvektor","tag-csiga-cafe","tag-cucc-kavezo","tag-helyvektor","tag-krakn-town","tag-rakoczi-ter"],"_links":{"self":[{"href":"https:\/\/nyuz.elte.hu\/index.php?rest_route=\/wp\/v2\/posts\/2378"}],"collection":[{"href":"https:\/\/nyuz.elte.hu\/index.php?rest_route=\/wp\/v2\/posts"}],"about":[{"href":"https:\/\/nyuz.elte.hu\/index.php?rest_route=\/wp\/v2\/types\/post"}],"author":[{"embeddable":true,"href":"https:\/\/nyuz.elte.hu\/index.php?rest_route=\/wp\/v2\/users\/62"}],"replies":[{"embeddable":true,"href":"https:\/\/nyuz.elte.hu\/index.php?rest_route=%2Fwp%2Fv2%2Fcomments&post=2378"}],"version-history":[{"count":2,"href":"https:\/\/nyuz.elte.hu\/index.php?rest_route=\/wp\/v2\/posts\/2378\/revisions"}],"predecessor-version":[{"id":2384,"href":"https:\/\/nyuz.elte.hu\/index.php?rest_route=\/wp\/v2\/posts\/2378\/revisions\/2384"}],"wp:featuredmedia":[{"embeddable":true,"href":"https:\/\/nyuz.elte.hu\/index.php?rest_route=\/wp\/v2\/media\/2379"}],"wp:attachment":[{"href":"https:\/\/nyuz.elte.hu\/index.php?rest_route=%2Fwp%2Fv2%2Fmedia&parent=2378"}],"wp:term":[{"taxonomy":"category","embeddable":true,"href":"https:\/\/nyuz.elte.hu\/index.php?rest_route=%2Fwp%2Fv2%2Fcategories&post=2378"},{"taxonomy":"post_tag","embeddable":true,"href":"https:\/\/nyuz.elte.hu\/index.php?rest_route=%2Fwp%2Fv2%2Ftags&post=2378"}],"curies":[{"name":"wp","href":"https:\/\/api.w.org\/{rel}","templated":true}]}}