{"id":2353,"date":"2017-03-20T13:15:31","date_gmt":"2017-03-20T12:15:31","guid":{"rendered":"http:\/\/nyuz.elte.hu\/?p=2353"},"modified":"2017-03-27T11:11:30","modified_gmt":"2017-03-27T10:11:30","slug":"tippmix-mit-hozhat-a-ttk-atvilagitasa","status":"publish","type":"post","link":"https:\/\/nyuz.elte.hu\/?p=2353","title":{"rendered":"&#8222;Tippmix&#8221;: Mit hozhat a TTK \u00e1tvil\u00e1g\u00edt\u00e1sa?"},"content":{"rendered":"<p>\u00dagy tudni, egy erre szakosodott c\u00e9g megb\u00edz\u00e1st kapott az ELTE-t\u0151l a Term\u00e9szettudom\u00e1nyi Kar \u00e1tvil\u00e1g\u00edt\u00e1s\u00e1ra.<!--more--><\/p>\n<p>Nem vitatom az ilyen c\u00e9gek kiterjedt tapasztalat\u00e1nak hasznoss\u00e1g\u00e1t a helyzet\u00e9rt\u00e9kel\u00e9sben. Ugyanakkor nyilv\u00e1nval\u00f3nak gondolom, hogy \u2013 a haz\u00e1nkban honos normat\u00edv finansz\u00edroz\u00e1si rendszer \u00e9s a kari k\u00f6lts\u00e9gvet\u00e9s n\u00e9h\u00e1ny saroksz\u00e1ma ismeret\u00e9ben \u2013 a szigor\u00fa gazdas\u00e1gi racionalit\u00e1s dikt\u00e1lta cselekv\u00e9si terv kidolgoz\u00e1sa enn\u00e9l j\u00f3val kisebb l\u00e9pt\u00e9k\u0171 feladatot jelent. Ennek bemutat\u00e1s\u00e1ra b\u00e1torkodom k\u00f6zz\u00e9tenni az al\u00e1bbi gondolatmenetet, amely az \u00e1tvil\u00e1g\u00edt\u00e1st elvben ak\u00e1r ki is v\u00e1lthatn\u00e1, avagy sorvezet\u0151k\u00e9nt szolg\u00e1lhatna annak sor\u00e1n. Ez persze nem fog megt\u00f6rt\u00e9nni, \u00edgy tekints\u00fck ezt ink\u00e1bb egyfajta &#8222;betclick&#8221; fogad\u00e1snak: az \u00e9n tippemnek arra, mit kell tartalmazzon az \u00e1tvil\u00e1g\u00edt\u00e1s v\u00e9g\u00e9n a Kancell\u00e1ri\u00e1nak leadand\u00f3 bor\u00edt\u00e9k&#8230;<\/p>\n<p><strong>A fenntart\u00f3 szempontjai<\/strong><\/p>\n<p>A normat\u00edv finansz\u00edroz\u00e1si rendszerben a fels\u0151oktat\u00e1si int\u00e9zm\u00e9nyek t\u00e1mogat\u00e1s\u00e1nak egyetlen krit\u00e9riuma a hallgat\u00f3i l\u00e9tsz\u00e1m. M\u00e1s sz\u00f3val: a fenntart\u00f3 EMMI az oktat\u00e1s \u00e9s kutat\u00e1s finansz\u00edroz\u00e1s\u00e1ban a min\u0151s\u00e9gi szempontok figyelembe v\u00e9tel\u00e9t sz\u00fcks\u00e9gtelennek \u00edt\u00e9li. Ilyen, figyelembe nem vett szempontok: min\u0151s\u00edtett oktat\u00f3k (PhD, habil., MTA doktora, akad\u00e9mikus) sz\u00e1ma; publik\u00e1ci\u00f3s \u00e9s hivatkoz\u00e1sok sz\u00e1ma Q1 \u00e9s egy\u00e9b nemzetk\u00f6zi szakfoly\u00f3iratokban; szabadalmak sz\u00e1ma; OTDK eredm\u00e9nyek; az egyetem nemzetk\u00f6zi \u00e9s hazai rangsorokban elfoglalt poz\u00edci\u00f3ja; a k\u00e9pz\u00e9s sz\u00ednvonal\u00e1nak fenntart\u00e1s\u00e1hoz sz\u00fcks\u00e9ges t\u00f6bbletk\u00f6lts\u00e9gek (terepgyakorlati utaz\u00e1sok, laborat\u00f3riumok ell\u00e1t\u00e1sa); a l\u00e9tes\u00edtm\u00e9nyek \u00e9s technikai eszk\u00f6z\u00f6k sz\u00ednvonala, korszer\u0171s\u00e9ge, a m\u0171k\u00f6dtet\u00e9s\u00fckh\u00f6z sz\u00fcks\u00e9ges forr\u00e1sok. Az ilyen finansz\u00edroz\u00e1si rendszer teh\u00e1t \u2013 a normat\u00edva \u00f6sszeg\u00e9t\u0151l f\u00fcggetlen\u00fcl \u2013 \u00e9rtelemszer\u0171en relat\u00edve nehezebb helyzetbe hozza a magasabban kvalifik\u00e1lt (ergo jobban fizetett) munkat\u00e1rsakat alkalmaz\u00f3, korszer\u0171, klimatiz\u00e1lt \u00e9p\u00fcletben m\u0171k\u00f6d\u0151, kiemelked\u0151 informatikai \u00e9s m\u0171szerell\u00e1totts\u00e1g\u00fa, a minimumn\u00e1l magasabb sz\u00ednvonal\u00fa gyakorlati k\u00e9pz\u00e9st ny\u00fajt\u00f3 int\u00e9zm\u00e9nyeket.<\/p>\n<p><a href=\"http:\/\/nyuz.elte.hu\/wp-content\/uploads\/sites\/6\/2017\/03\/01.jpg\"><img loading=\"lazy\" decoding=\"async\" class=\"aligncenter size-large wp-image-2354\" src=\"http:\/\/nyuz.elte.hu\/wp-content\/uploads\/sites\/6\/2017\/03\/01-1024x668.jpg\" alt=\"01\" width=\"1024\" height=\"668\" srcset=\"https:\/\/nyuz.elte.hu\/wp-content\/uploads\/sites\/6\/2017\/03\/01-1024x668.jpg 1024w, https:\/\/nyuz.elte.hu\/wp-content\/uploads\/sites\/6\/2017\/03\/01-300x196.jpg 300w, https:\/\/nyuz.elte.hu\/wp-content\/uploads\/sites\/6\/2017\/03\/01-768x501.jpg 768w, https:\/\/nyuz.elte.hu\/wp-content\/uploads\/sites\/6\/2017\/03\/01-624x407.jpg 624w\" sizes=\"(max-width: 1024px) 100vw, 1024px\" \/><\/a><\/p>\n<p>Fentieket \u00f6sszegezve le kell sz\u00f6gezn\u00fcnk: a fels\u0151oktat\u00e1s haz\u00e1nkban jelenleg (\u00e9s alapelv\u00e9t tekintve m\u00e1r k\u00f6zel k\u00e9t \u00e9vtizede) honos finansz\u00edroz\u00e1si rendszere voluntarista \u00e9s ny\u00edltan min\u0151s\u00e9gellenes.<\/p>\n<p>A rendszerbe \u00e1tmenetileg, k\u00e9t-h\u00e1rom \u00e9ven \u00e1t kieg\u00e9sz\u00edt\u0151 elemk\u00e9nt be\u00e9p\u00edtett \u00fan. kutat\u00f3egyetemi t\u00e1mogat\u00e1s \u00e9rdemben nem v\u00e1ltoztat a fenti k\u00f6vetkeztet\u00e9sen, tekintve, hogy<\/p>\n<ul>\n<li>azt az elv\u00e1r\u00e1s szerint nem m\u0171k\u00f6d\u00e9sre, hanem fejleszt\u00e9sre kellett [volna] ford\u00edtani;<\/li>\n<li>\u00f6sszege a teljes egyetemi k\u00f6lts\u00e9gvet\u00e9s csek\u00e9ly h\u00e1nyad\u00e1t tette ki;<\/li>\n<li>oda\u00edt\u00e9l\u00e9s\u00e9nek elvei nem voltak egy\u00e9rtelm\u0171en tiszt\u00e1zva, ami \u00edgy egyetemen bel\u00fcli eloszt\u00e1sukra n\u00e9zve sem adott kapaszkod\u00f3t;<\/li>\n<li>a t\u00f6bbletforr\u00e1s m\u00e1ra meg is sz\u0171nt.<\/li>\n<\/ul>\n<p>A TTK k\u00f6lts\u00e9gvet\u00e9s\u00e9nek t\u00falnyom\u00f3 r\u00e9sz\u00e9t a b\u00e9rt\u00f6meg teszi ki. A magasan kvalifik\u00e1lt oktat\u00f3k nagy sz\u00e1ma \u00e9s j\u00f3val magasabb fizet\u00e9se k\u00f6vetkezt\u00e9ben az \u0151 b\u00e9rkeret\u00fck d\u00f6nt\u0151en j\u00e1rul hozz\u00e1 ehhez a b\u00e9rt\u00f6meghez. A TTK p\u00e9nz\u00fcgyi gondjai teh\u00e1t abb\u00f3l fakadnak, hogy a fenntart\u00f3i sz\u00e1nd\u00e9kkal ellent\u00e9tben nem min\u0151s\u00e9gellenes, hanem min\u0151s\u00e9gp\u00e1rti szem\u00e9lyzeti politik\u00e1t folytat. Ebb\u0151l elker\u00fclhetetlen\u00fcl k\u00f6vetkezik, hogy szigor\u00fa fisk\u00e1lis szempontok alapj\u00e1n az adott k\u00fcls\u0151 felt\u00e9telek mellett Kar p\u00e9nz\u00fcgyi gondjainak egyetlen lehets\u00e9ges megold\u00e1sa az al\u00e1bbi l\u00e9p\u00e9sek megt\u00e9tele.<\/p>\n<p><strong>Potenci\u00e1lis javaslatok<\/strong><\/p>\n<p><strong>1. Vezet\u0151 oktat\u00f3k t\u00f6meges elbocs\u00e1t\u00e1sa<\/strong><\/p>\n<p>Tekintettel arra, hogy egy PhD fokozattal rendelkez\u0151 adjunktus b\u00e9re fele az MTA doktori fokozattal rendelkez\u0151 egyetemi tan\u00e1r\u00e9nak, el\u0151ad\u00e1sok tart\u00e1s\u00e1ra viszont ugyan\u00fagy k\u00e9pes\u00edtve van, m\u00e9gpedig 50%-kal magasabb el\u0151\u00edrt \u00f3rasz\u00e1mmal, a finansz\u00edroz\u00e1si elvekkel \u00f6sszhangban lev\u0151 legracion\u00e1lisabb p\u00e9nz\u00fcgyi int\u00e9zked\u00e9s a Karon a vezet\u0151 oktat\u00f3k l\u00e9tsz\u00e1m\u00e1nak a szakok akkredit\u00e1ci\u00f3j\u00e1hoz el\u0151\u00edrt minimumra val\u00f3 korl\u00e1toz\u00e1sa. Ez a jelenlegi helyzethez k\u00e9pest a docensek \u00e9s egyetemi tan\u00e1rok t\u00f6meges elbocs\u00e1t\u00e1s\u00e1t jelenti. A nyugd\u00edjkorhat\u00e1rt el\u00e9rt koll\u00e9g\u00e1k eset\u00e9ben ez nyugd\u00edjaz\u00e1st, egy\u00e9b esetekben \u2013 a v\u00e9gkiel\u00e9g\u00edt\u00e9st is felv\u00e1llalva \u2013 elbocs\u00e1t\u00e1st jelent. Az elbocs\u00e1tottak hely\u00e9re adjunktusokat \u00e9s tan\u00e1rseg\u00e9deket kell felvenni, ami azok alacsonyabb b\u00e9re \u00e9s magasabb \u00f3rasz\u00e1ma miatt a felszabadult b\u00e9rkeret kis t\u00f6red\u00e9k\u00e9t k\u00f6ti le. A felveend\u0151 adjunktusok sz\u00e1m\u00e1t tov\u00e1bb cs\u00f6kkenti, hogy a nyugd\u00edjazott koll\u00e9g\u00e1k egy r\u00e9sze emerituss\u00e1 min\u0151s\u00edthet\u0151, azzal, hogy ennek fej\u00e9ben tov\u00e1bbra is tarts\u00e1k meg \u00f3r\u00e1ikat; az elk\u00fcld\u00f6tt oktat\u00f3k egy tov\u00e1bbi h\u00e1nyada pedig megb\u00edz\u00e1ssal visszafoglalkoztathat\u00f3 lehet.<\/p>\n<p><a href=\"http:\/\/nyuz.elte.hu\/wp-content\/uploads\/sites\/6\/2017\/03\/fire-efe1d8fd.jpg\"><img loading=\"lazy\" decoding=\"async\" class=\"aligncenter wp-image-2355\" src=\"http:\/\/nyuz.elte.hu\/wp-content\/uploads\/sites\/6\/2017\/03\/fire-efe1d8fd.jpg\" alt=\"fire-efe1d8fd\" width=\"685\" height=\"440\" \/><\/a><\/p>\n<p>Az ebb\u0151l k\u00f6vetkez\u0151 javaslat teh\u00e1t az lenne, hogy a j\u00f3r\u00e9szt nemzetk\u00f6zileg elismert, produkt\u00edv, \u00f3ri\u00e1si szakmai tapasztalattal rendelkez\u0151 \u00e9s azt \u00e1tadni tud\u00f3 professzorainkat bocs\u00e1ssuk el, \u00e9s hely\u00fckre alkalmazzunk j\u00f3 esetben tehets\u00e9ges fiatal posztdoktorokat, rosszabb esetben harmadrang\u00fa, eddig kutat\u00f3int\u00e9zetkben vagy v\u00e1llalkoz\u00e1sokn\u00e1l veget\u00e1l\u00f3 id\u0151sebb koll\u00e9g\u00e1kat. Ez nyilv\u00e1n a sz\u00ednvonal azonnali zuhan\u00e1s\u00e1hoz \u00e9s az ELTE nemzetk\u00f6zi rangsorokban elfoglalt helynek drasztikus roml\u00e1s\u00e1hoz vezetne \u2013 ami azonban, mint l\u00e1ttuk, a fenntart\u00f3nak a finansz\u00edroz\u00e1si rendszerben (\u00e9s nem \u00fcres politikusi nyilatkozatokban) deklar\u00e1lt sz\u00e1nd\u00e9k\u00e1val \u00e9ppen nem lenne ellent\u00e9tes.<\/p>\n<p>Szarkasztikus vagyok? Nem, csak logikusan gondolkodom. Az \u00e1tvil\u00e1g\u00edt\u00e1st motiv\u00e1l\u00f3 fisk\u00e1lis gondolkod\u00e1sm\u00f3dnak megfelel\u0151 egyetlen, val\u00f3ban \u00e9rdemi megold\u00e1st jelent\u0151 int\u00e9zked\u00e9s ugyanis \u00e9ppen a fenti lenne. Ha ilyen drasztikus javaslat az \u00e1tvil\u00e1g\u00edt\u00e1s eredm\u00e9ny\u00e9t \u00f6sszegz\u0151 jelent\u00e9sben (mint rem\u00e9lj\u00fck) nem lesz, az csup\u00e1n a jelent\u00e9s k\u00e9sz\u00edt\u0151i \u00e9s megrendel\u0151i opportunizmus\u00e1nak tudhat\u00f3 be.<\/p>\n<p><strong>2. A Kar lev\u00e1laszt\u00e1sa az ELTE-r\u0151l<\/strong><\/p>\n<p>A befoly\u00f3 normat\u00edv finansz\u00edroz\u00e1shoz k\u00e9pest a b\u00e9rt\u00f6meg mellett a kiad\u00e1si oldalon jelentkezik az egyetemi k\u00f6zponti elvon\u00e1s, melynek m\u00e9rt\u00e9ke jelenleg 26%. El kell ismerni, hogy ez az elvon\u00e1s az ut\u00f3bbi \u00e9vekben cs\u00f6kken\u0151 tendenci\u00e1t mutat. A felduzzasztott k\u00f6zponti k\u00f6lts\u00e9gvet\u00e9s j\u00f3r\u00e9szt persze a t\u00e1mogat\u00e1st nagyon is meg\u00e9rdeml\u0151 c\u00e9lokra ford\u00edt\u00f3dik: az egyetem sportegyes\u00fcletet, k\u00f3rust, botanikus kertet, k\u00f6nyvkiad\u00f3t stb. m\u0171k\u00f6dtet. Ez a nemes kultur\u00e1lis misszi\u00f3 \u2013 amit egy\u00e9bk\u00e9nt a finansz\u00edroz\u00f3 szint\u00e9n nem t\u00e1mogat, \u00edgy e tev\u00e9kenys\u00e9g\u00e9vel az ELTE eg\u00e9sze is szembe megy a fenntart\u00f3i sz\u00e1nd\u00e9kkal \u2013 azonban v\u00e1ls\u00e1ghelyzetben nyilv\u00e1n nem v\u00e1llalhat\u00f3 fel a TTK r\u00e9sz\u00e9r\u0151l. Ennek logikus megold\u00e1sa a TTK \u00f6n\u00e1ll\u00f3sul\u00e1sa, mi\u00e1ltal a rezsik\u00f6lts\u00e9g a t\u00e9nyleges minimumra lenne szor\u00edthat\u00f3.<\/p>\n<p><a href=\"http:\/\/nyuz.elte.hu\/wp-content\/uploads\/sites\/6\/2017\/03\/individualism71315.jpg\"><img loading=\"lazy\" decoding=\"async\" class=\"aligncenter size-large wp-image-2356\" src=\"http:\/\/nyuz.elte.hu\/wp-content\/uploads\/sites\/6\/2017\/03\/individualism71315-1024x703.jpg\" alt=\"individualism71315\" width=\"1024\" height=\"703\" srcset=\"https:\/\/nyuz.elte.hu\/wp-content\/uploads\/sites\/6\/2017\/03\/individualism71315-1024x703.jpg 1024w, https:\/\/nyuz.elte.hu\/wp-content\/uploads\/sites\/6\/2017\/03\/individualism71315-300x206.jpg 300w, https:\/\/nyuz.elte.hu\/wp-content\/uploads\/sites\/6\/2017\/03\/individualism71315-768x527.jpg 768w, https:\/\/nyuz.elte.hu\/wp-content\/uploads\/sites\/6\/2017\/03\/individualism71315-624x428.jpg 624w\" sizes=\"(max-width: 1024px) 100vw, 1024px\" \/><\/a><\/p>\n<p>A lev\u00e1ll\u00e1s akad\u00e1lya persze, hogy \u00e9p\u00fcletein a TTK k\u00e9t m\u00e1sik karral osztozik. K\u00f6z\u00fcl\u00fck az IK meggy\u0151zend\u0151 a rokon profil\u00fa lev\u00e1l\u00f3 TTK-hoz val\u00f3 csatlakoz\u00e1sr\u00f3l, tekintettel m\u00e1r csak arra is, hogy \u2013 a min\u0151s\u00e9gellenes finansz\u00edroz\u00e1si elvekkel sz\u00e9p \u00f6sszhangban \u2013 a t\u00f6rv\u00e9ny a fels\u0151oktat\u00e1si int\u00e9zm\u00e9nyek egyetemi min\u0151s\u00edt\u00e9s\u00e9t kiz\u00e1r\u00f3lag a karok sz\u00e1m\u00e1hoz k\u00f6ti. A T\u00c1TK (sz\u00e1mukra sem kiel\u00e9g\u00edt\u0151) elhelyez\u00e9s\u00e9nek megnyugtat\u00f3 rendez\u00e9s\u00e9ig ugyanakkor a lev\u00e1l\u00e1s nem l\u00e1tszik re\u00e1lisan kivitelezhet\u0151nek.<\/p>\n<p>\u00c1m ezt az int\u00e9zked\u00e9st az \u00e1tvil\u00e1g\u00edt\u00e1si jelent\u00e9s v\u00e1rhat\u00f3an nem csak ez\u00e9rt nem fogja kezem\u00e9nyezni, hanem az ELTE ebb\u0151l fakad\u00f3 preszt\u00edzsvesztes\u00e9ge, \u00e9s nem utols\u00f3 sorban a k\u00f6zponti k\u00f6lts\u00e9gvet\u00e9sben ez \u00e1ltal okozott cs\u00f6kken\u00e9s miatt sem.<\/p>\n<p>&nbsp;<\/p>\n<p><strong>3. K\u00fcls\u0151 forr\u00e1sok bevon\u00e1s\u00e1nak n\u00f6vel\u00e9se<\/strong><\/p>\n<p>A p\u00e1ly\u00e1zati forr\u00e1sok \u00e9s ipari kutat\u00e1si szerz\u0151d\u00e9sek a bev\u00e9teli oldalon hozz\u00e1j\u00e1rulhatnak az ELTE m\u0171k\u00f6d\u00e9si k\u00f6lts\u00e9geihez. R\u00e9szesed\u00e9s\u00fck n\u00f6vel\u00e9se teh\u00e1t hozz\u00e1j\u00e1rulhat a p\u00e9nz\u00fcgyi egyens\u00faly javul\u00e1s\u00e1hoz. Bor\u00edt\u00e9kolhat\u00f3, hogy az erre val\u00f3 felh\u00edv\u00e1s \u2013 az el\u0151z\u0151ekkel ellent\u00e9tben \u2013 hangs\u00falyosan szerepelni fog az \u00e1tvil\u00e1g\u00edt\u00e1si jelent\u00e9sben is.<\/p>\n<figure id=\"attachment_2409\" aria-describedby=\"caption-attachment-2409\" style=\"width: 849px\" class=\"wp-caption aligncenter\"><a href=\"http:\/\/nyuz.elte.hu\/wp-content\/uploads\/sites\/6\/2017\/03\/Fotolia_63912121_S.jpg\"><img loading=\"lazy\" decoding=\"async\" class=\"size-full wp-image-2409\" src=\"http:\/\/nyuz.elte.hu\/wp-content\/uploads\/sites\/6\/2017\/03\/Fotolia_63912121_S.jpg\" alt=\"filling up coins to glass for investment in the future\" width=\"849\" height=\"566\" srcset=\"https:\/\/nyuz.elte.hu\/wp-content\/uploads\/sites\/6\/2017\/03\/Fotolia_63912121_S.jpg 849w, https:\/\/nyuz.elte.hu\/wp-content\/uploads\/sites\/6\/2017\/03\/Fotolia_63912121_S-300x200.jpg 300w, https:\/\/nyuz.elte.hu\/wp-content\/uploads\/sites\/6\/2017\/03\/Fotolia_63912121_S-768x512.jpg 768w, https:\/\/nyuz.elte.hu\/wp-content\/uploads\/sites\/6\/2017\/03\/Fotolia_63912121_S-624x416.jpg 624w\" sizes=\"(max-width: 849px) 100vw, 849px\" \/><\/a><figcaption id=\"caption-attachment-2409\" class=\"wp-caption-text\">filling up coins to glass for investment in the future<\/figcaption><\/figure>\n<p>&nbsp;<\/p>\n<p>Ez persze roppant dics\u00e9retes, amennyiben ny\u00edlt deklar\u00e1l\u00e1s\u00e1t jelenti annak: a TTK ragaszkod\u00e1sa a min\u0151s\u00e9gelv\u0171 m\u0171k\u00f6d\u00e9shez \u00fari huncuts\u00e1g, amit annak saj\u00e1t zsebb\u0151l kellene finansz\u00edroznia. Sajnos azonban t\u00e9nyleges megold\u00e1st nem jelent, mert a kutat\u00e1si szerz\u0151d\u00e9sek c\u00e9lt\u00e1mogat\u00e1sok, amelyeknek csak kis h\u00e1nyada (a karra jellemz\u0151en jut\u00f3 10% k\u00f6r\u00fcli rezsi) ford\u00edthat\u00f3 az alapfeladatokhoz kapcsol\u00f3d\u00f3 m\u0171k\u00f6d\u00e9si kiad\u00e1sokra. Az ut\u00f3bbi \u00e9vekben a karon elterjedt \u00fan. &#8222;b\u00e9r\u00e1tv\u00e1llal\u00e1s&#8221; val\u00f3j\u00e1ban csal\u00e1s, ami felett a szerz\u0151d\u0151 partner j\u00f3 esetben szemet huny (rosszabb esetben nincs vele tiszt\u00e1ban). A szerz\u0151d\u00e9sekbe tervezett b\u00e9rk\u00f6lts\u00e9g ugyanis val\u00f3j\u00e1ban nyilv\u00e1nval\u00f3an a szerz\u0151d\u00f6tt munka elv\u00e9gz\u00e9s\u00e9hez sz\u00fcks\u00e9ges t\u00e9nyleges t\u00f6bbletfeladatok elv\u00e9g\u00e9z\u00e9s\u00e9nek fedezete lenne. A k\u00fcls\u0151 forr\u00e1sok teh\u00e1t a rezsin t\u00falmen\u0151en csak technikai fejleszt\u00e9sek, eszk\u00f6zbeszerz\u00e9sek r\u00e9v\u00e9n gazdag\u00edtj\u00e1k az egyetemet.<\/p>\n<p><strong>4. A m\u0171k\u00f6d\u00e9s racionaliz\u00e1l\u00e1sa<\/strong><\/p>\n<p>Ezzel kapcsolatban bizony\u00e1ra fogunk hasznos tan\u00e1csokat kapni a nagy tapasztalat\u00fa \u00e1tvil\u00e1g\u00edt\u00f3 c\u00e9gt\u0151l. Ugyanakkor miut\u00e1n 2015-ben az adminisztrat\u00edv szem\u00e9lyzet z\u00f6me a Kancell\u00e1ria fel\u00fcgyelete al\u00e1 ker\u00fclt, a megmaradt, kis l\u00e9tsz\u00e1m\u00fa \u00e9s m\u00e9g kisebb fizet\u00e9s\u0171 nem oktat\u00f3, nem kutat\u00f3 szem\u00e9lyzet hozz\u00e1j\u00e1rul\u00e1sa a kari b\u00e9rt\u00f6meghez nem olyan m\u00e9rt\u00e9k\u0171, hogy b\u00e1rmif\u00e9le ilyen racionaliz\u00e1l\u00e1st\u00f3l jelent\u0151s b\u00e9rmegtakar\u00edt\u00e1st v\u00e1rhatn\u00e1nk. \u00c9ppen ellenkez\u0151leg: az int\u00e9zetek egy r\u00e9sz\u00e9n\u00e9l jelenleg is olyan hi\u00e1ny van technikai alkalmazottakb\u00f3l, hogy az m\u00e1r az alapszint\u0171 m\u0171k\u00f6d\u00e9st is vesz\u00e9lyezteti.<\/p>\n<p><strong>\u00d6sszegz\u00e9s<\/strong><\/p>\n<p>Mit is v\u00e1rhatunk teh\u00e1t az \u00e1tvil\u00e1g\u00edt\u00e1si jelent\u00e9st\u0151l? Els\u0151sorban a fenti 3. \u00e9s 4. javaslat r\u00e9szletes boncolgat\u00e1s\u00e1t, ami, mint l\u00e1ttuk, az alapprobl\u00e9m\u00e1t \u00e9rdemben aligha oldja meg. M\u00e9lys\u00e9ges hallgat\u00e1st a 2. lehet\u0151s\u00e9gr\u0151l. Az 1. javaslat megjelen\u00e9se a jelent\u00e9sben radik\u00e1lis form\u00e1j\u00e1ban szint\u00e9n val\u00f3sz\u00edn\u0171tlen; enyh\u00e9bb form\u00e1ban (\u00e9s persze sz\u0151rment\u00e9n, szemforgat\u00f3 fogalmaz\u00e1sban) val\u00f3 esetleges megjelen\u00e9se ugyanakkor nem z\u00e1rhat\u00f3 ki \u2013 erre \u00e9rdemes lesz figyelni, hiszen fontos jelz\u00e9s lehet az \u00e1tvil\u00e1g\u00edt\u00e1s megrendel\u0151inek sz\u00e1nd\u00e9kait illet\u0151en.<\/p>\n<p>A lehets\u00e9ges megold\u00e1si javaslatok fenti elemz\u00e9se term\u00e9szetesen a k\u00fcls\u0151 felt\u00e9telek v\u00e1ltozatlans\u00e1ga mellett \u00e9rv\u00e9nyes. A normat\u00edv finansz\u00edroz\u00e1s alapelveinek esetleges v\u00e1ltoz\u00e1s\u00e1t illet\u0151en azonban ne legyenek ill\u00fazi\u00f3ink: a rendszert l\u00e9nyeg\u00e9ben az ezredfordul\u00f3 el\u0151tti bevezet\u00e9se \u00f3ta ugyanaz a voluntarista, min\u0151s\u00e9gellenes szeml\u00e9let jellemzi, ami teh\u00e1t a magyar fels\u0151oktat\u00e1spolitika hossz\u00fa t\u00e1v\u00fa alapk\u00f6v\u00e9nek l\u00e1tszik.<\/p>\n<p>Az egyetemen bel\u00fcli forr\u00e1seloszt\u00e1s elveinek persze nem sz\u00fcks\u00e9gk\u00e9ppen kellene t\u00fckr\u00f6zni\u00fck a k\u00f6zponti eloszt\u00e1si szempontokat. A TTK min\u0151s\u00e9gp\u00e1rti (azaz rendszerellenes) alap\u00e1ll\u00e1s\u00e1nak az ELTE eg\u00e9sze \u00e1ltali felv\u00e1llal\u00e1s\u00e1t azonban bizonyosan nem \u00e9ppen ez az \u00e1tvil\u00e1g\u00edt\u00e1s fogja szorgalmazni.<\/p>\n<p style=\"text-align: right;\"><strong>Petrovay Krist\u00f3f<\/strong><\/p>\n","protected":false},"excerpt":{"rendered":"<p>\u00dagy tudni, egy erre szakosodott c\u00e9g megb\u00edz\u00e1st kapott az ELTE-t\u0151l a Term\u00e9szettudom\u00e1nyi Kar \u00e1tvil\u00e1g\u00edt\u00e1s\u00e1ra.<\/p>\n","protected":false},"author":53,"featured_media":2354,"comment_status":"closed","ping_status":"closed","sticky":false,"template":"","format":"standard","meta":{"footnotes":""},"categories":[1,62],"tags":[105,223],"class_list":["post-2353","post","type-post","status-publish","format-standard","has-post-thumbnail","hentry","category-foldal","category-hok","tag-elte","tag-ttk"],"_links":{"self":[{"href":"https:\/\/nyuz.elte.hu\/index.php?rest_route=\/wp\/v2\/posts\/2353"}],"collection":[{"href":"https:\/\/nyuz.elte.hu\/index.php?rest_route=\/wp\/v2\/posts"}],"about":[{"href":"https:\/\/nyuz.elte.hu\/index.php?rest_route=\/wp\/v2\/types\/post"}],"author":[{"embeddable":true,"href":"https:\/\/nyuz.elte.hu\/index.php?rest_route=\/wp\/v2\/users\/53"}],"replies":[{"embeddable":true,"href":"https:\/\/nyuz.elte.hu\/index.php?rest_route=%2Fwp%2Fv2%2Fcomments&post=2353"}],"version-history":[{"count":5,"href":"https:\/\/nyuz.elte.hu\/index.php?rest_route=\/wp\/v2\/posts\/2353\/revisions"}],"predecessor-version":[{"id":2410,"href":"https:\/\/nyuz.elte.hu\/index.php?rest_route=\/wp\/v2\/posts\/2353\/revisions\/2410"}],"wp:featuredmedia":[{"embeddable":true,"href":"https:\/\/nyuz.elte.hu\/index.php?rest_route=\/wp\/v2\/media\/2354"}],"wp:attachment":[{"href":"https:\/\/nyuz.elte.hu\/index.php?rest_route=%2Fwp%2Fv2%2Fmedia&parent=2353"}],"wp:term":[{"taxonomy":"category","embeddable":true,"href":"https:\/\/nyuz.elte.hu\/index.php?rest_route=%2Fwp%2Fv2%2Fcategories&post=2353"},{"taxonomy":"post_tag","embeddable":true,"href":"https:\/\/nyuz.elte.hu\/index.php?rest_route=%2Fwp%2Fv2%2Ftags&post=2353"}],"curies":[{"name":"wp","href":"https:\/\/api.w.org\/{rel}","templated":true}]}}