{"id":1894,"date":"2016-10-18T09:25:43","date_gmt":"2016-10-18T08:25:43","guid":{"rendered":"http:\/\/nyuz.elte.hu\/?p=1894"},"modified":"2016-10-19T13:57:58","modified_gmt":"2016-10-19T12:57:58","slug":"a-tortenelem-hires-szerelmei","status":"publish","type":"post","link":"https:\/\/nyuz.elte.hu\/?p=1894","title":{"rendered":"A t\u00f6rt\u00e9nelem h\u00edres szerelmei"},"content":{"rendered":"<p>A szerelem vak, tartja a mond\u00e1s. Ezt bizony a t\u00f6rt\u00e9nelem is igazolja. Mi m\u00e1s\u00e9rt d\u0151ln\u00e9nek kardjukba a sebzett sz\u00edv\u0171 f\u00e9rfiak vagy \u00e9pp k\u00f6lten\u00e9k egy orsz\u00e1g teljes vagyon\u00e1t a halott kedves\u00e9nek tisztelg\u0151 eml\u00e9km\u0171re?<!--more--><\/p>\n<p>Most, hogy itt van az \u0151sz, a romantikus hangulat elsz\u00e1llt. Nem lehet ki\u00fclni a Duna-partra \u00e9jszaka besz\u00e9lgetni egy \u00fcveg v\u00f6r\u00f6sbor mellett, s\u0151t a f\u00e1z\u00f3sabbak a kez\u00fcket sem sz\u00edvesen h\u00fazz\u00e1k ki a kab\u00e1tjuk zseb\u00e9b\u0151l, ezzel ellehetetlen\u00edtve m\u00e9g a k\u00e9zenfogva andalg\u00e1s lehet\u0151s\u00e9g\u00e9t is. Sz\u00f3val \u00e9ppen itt az ideje, hogy feleleven\u00edts\u00fck a t\u00f6rt\u00e9nelem h\u00edres szerelmeit, hogy mindenki egy kicsit romantikusabb hangulatba ker\u00fclj\u00f6n.<\/p>\n<p><strong>Antonius \u00e9s Kleop\u00e1tra<\/strong><\/p>\n<p>Mindannyian ismerj\u00fck a t\u00f6rt\u00e9netet, miszerint Kleop\u00e1tr\u00e1ba, az okos, j\u00f3 humor\u00fa n\u0151be Caesar hal\u00e1losan szerelmes volt. A k\u00f6z\u00f6sen elt\u00f6lt\u00f6tt szenved\u00e9lyes \u00e9veknek azonban Caesar hal\u00e1la vetett v\u00e9get. Ekkor Kleop\u00e1tra nem cs\u00fcggedt, hanem ink\u00e1bb beleszeretett Marcus Antoniusba, aki Caesar bizalmasa volt. Tervet forraltak, miszerint k\u00f6z\u00f6sen elfoglalj\u00e1k majd R\u00f3m\u00e1t \u00e9s egy\u00fctt uralkodnak, sajnos azonban ezt a terv\u00fcket Caesar fogadott fia, Octavius megakad\u00e1lyozta. Octavius kihaszn\u00e1lta a szerelem erej\u00e9t, \u00e9s azt a hamis h\u00edrt juttatta el Marcus Antoniusnak, hogy Kleop\u00e1tra meghalt. Antonius, ahogy a cselsz\u00f6v\u0151k kitervelt\u00e9k, b\u00e1nat\u00e1ban kardj\u00e1ba d\u0151lt. A legenda \u00fagy sz\u00f3l, hogy egyik embere el tudta vinni m\u00e9g id\u0151ben Kleop\u00e1tr\u00e1hoz, \u00edgy annak karjaiban halt meg. Kleop\u00e1tra, okos n\u0151 r\u00e9v\u00e9n, nem a szerelmi b\u00e1natba halt bele, hanem fogs\u00e1gba esett, \u00e9s egy k\u00edgy\u00f3 hal\u00e1los m\u00e9rg\u00e9vel \u00f6lte meg mag\u00e1t.<\/p>\n<p><a href=\"http:\/\/nyuz.elte.hu\/wp-content\/uploads\/sites\/6\/2016\/10\/49a5d832eb377ecd7f1d155dbbdca55b.jpg\"><img loading=\"lazy\" decoding=\"async\" class=\"aligncenter size-full wp-image-1895\" src=\"http:\/\/nyuz.elte.hu\/wp-content\/uploads\/sites\/6\/2016\/10\/49a5d832eb377ecd7f1d155dbbdca55b.jpg\" alt=\"49a5d832eb377ecd7f1d155dbbdca55b\" width=\"1024\" height=\"768\" srcset=\"https:\/\/nyuz.elte.hu\/wp-content\/uploads\/sites\/6\/2016\/10\/49a5d832eb377ecd7f1d155dbbdca55b.jpg 1024w, https:\/\/nyuz.elte.hu\/wp-content\/uploads\/sites\/6\/2016\/10\/49a5d832eb377ecd7f1d155dbbdca55b-300x225.jpg 300w, https:\/\/nyuz.elte.hu\/wp-content\/uploads\/sites\/6\/2016\/10\/49a5d832eb377ecd7f1d155dbbdca55b-768x576.jpg 768w, https:\/\/nyuz.elte.hu\/wp-content\/uploads\/sites\/6\/2016\/10\/49a5d832eb377ecd7f1d155dbbdca55b-640x480.jpg 640w, https:\/\/nyuz.elte.hu\/wp-content\/uploads\/sites\/6\/2016\/10\/49a5d832eb377ecd7f1d155dbbdca55b-624x468.jpg 624w\" sizes=\"(max-width: 1024px) 100vw, 1024px\" \/><\/a><\/p>\n<p><strong>Ab\u00e9lard \u00e9s H\u00e9lo\u00efse<\/strong><\/p>\n<p>H\u00e9loise valamikor 1090 \u00e9s 1100 k\u00f6z\u00f6tt sz\u00fcletett. P\u00e1rizsban \u00e9lt nagyb\u00e1tyja gy\u00e1ms\u00e1ga alatt, aki igen gazdag \u00e9s tekint\u00e9lyes ember volt. H\u00e9lo\u00efse m\u00e1r kor\u00e1n kit\u0171nt a t\u00f6bbi gazdag l\u00e1ny k\u00f6z\u00fcl sz\u00e9ps\u00e9g\u00e9vel \u00e9s \u00e9les esz\u00e9vel. <a href=\"http:\/\/nyuz.elte.hu\/wp-content\/uploads\/sites\/6\/2016\/10\/013_heloise-et-abelard_theredlist.jpg\"><img loading=\"lazy\" decoding=\"async\" class=\" wp-image-1897 alignright\" src=\"http:\/\/nyuz.elte.hu\/wp-content\/uploads\/sites\/6\/2016\/10\/013_heloise-et-abelard_theredlist-1024x768.jpg\" alt=\"013_heloise-et-abelard_theredlist\" width=\"266\" height=\"421\" \/><\/a>Pierre Ab\u00e9larddal, az akkor harminc \u00e9ves pappal 1115-ben tal\u00e1lkozott. Ab\u00e9lard h\u00edres pap \u00e9s tud\u00f3s volt, mindemellett remek el\u0151ad\u00f3. A fiatalembert leny\u0171g\u00f6zte a l\u00e1ny m\u0171velts\u00e9ge \u00e9s sz\u00e9ps\u00e9ge, \u00edgy r\u00e1vette a konok nagyb\u00e1csit, hogy \u0151 tan\u00edtsa a l\u00e1nyt magas tudom\u00e1nyokra, \u00e9s fizetts\u00e9g\u00e9rt sem v\u00e1rt m\u00e1st, mint hogy odak\u00f6lt\u00f6zik hozz\u00e1juk. A tan\u00e1r \u00e9s a tan\u00edtv\u00e1ny r\u00f6gt\u00f6n egym\u00e1sba szeretett, kapcsolatukat pedig nem tudt\u00e1k titokban tartani, sajnos lebuktak. Ab\u00e9lardot elhajtott\u00e1k a palot\u00e1b\u00f3l, de tudt\u00e1k tartani a kapcsolatot titkos levelek seg\u00edts\u00e9g\u00e9vel. Az egyik lev\u00e9lb\u0151l Ab\u00e9lard megtudta, hogy kedvese gyermeket v\u00e1r, \u00edgy megsz\u00f6ktette a palot\u00e1b\u00f3l H\u00e9lo\u00efse-t. Sajnos a gyermek sors\u00e1r\u00f3l semmit nem tudunk. Ab\u00e9lard \u00e9s H\u00e9lo\u00efse \u00f6ssze is h\u00e1zasodtak, rem\u00e9lve, hogy innent\u0151l boldog \u00e9s kiegyens\u00falyozott \u00e9let\u00fck lehet. H\u00e1t sajnos nagyon t\u00e9vedtek. H\u00e9lo\u00efse gy\u00e1mja nem hagyta annyiban a dolgot, \u00edgy Ab\u00e9lard egy kolostorba k\u00fcldte a feles\u00e9g\u00e9t, hogy az \u00e9let\u00e9t \u00f3vja. Ez siker\u00fclt is, azonban a b\u00e1tor tettnek rettenetes k\u00f6vetkezm\u00e9nyei voltak: 1119-ben egy \u00e9jjel a felb\u00e9relt prib\u00e9kek megfosztott\u00e1k a f\u00e9rfiass\u00e1g\u00e1t\u00f3l. Szerencs\u00e9sen felgy\u00f3gyult ezut\u00e1n, majd egy Benedek rendi ap\u00e1ts\u00e1gba vonult vissza, ahol tan\u00edtv\u00e1nyokat fogadott. H\u00e9lo\u00efse, amikor megtudta, hogy mi t\u00f6rt\u00e9nt a f\u00e9rj\u00e9vel, visszak\u00f6lt\u00f6z\u00f6tt az argenteuili z\u00e1rd\u00e1ba, ahol a gyermekkor\u00e1t is t\u00f6lt\u00f6tte. K\u00e9s\u0151bb ap\u00e1tn\u0151 lett, \u00e9s h\u00fasz \u00e9vvel t\u00fal\u00e9lte a f\u00e9rj\u00e9t. Hal\u00e1la ut\u00e1na Ab\u00e9lard mell\u00e9 temett\u00e9k. Levelez\u00e9s\u00fck 1120-ban kezd\u0151d\u00f6tt, \u00e9s ez szolg\u00e1l mintak\u00e9nt a lev\u00e9lreg\u00e9nyeknek is. Ezek a levelek a t\u00f6rt\u00e9nelem legszebb szerelmi vallom\u00e1sai, b\u00e1r az eredeti\u00a0p\u00e9ld\u00e1nyok nem maradtak fenn.<\/p>\n<p><a href=\"http:\/\/nyuz.elte.hu\/wp-content\/uploads\/sites\/6\/2016\/10\/001_heloise-et-abelard_theredlist-e1476778816821.jpeg\"><img loading=\"lazy\" decoding=\"async\" class=\"aligncenter size-large wp-image-1896\" src=\"http:\/\/nyuz.elte.hu\/wp-content\/uploads\/sites\/6\/2016\/10\/001_heloise-et-abelard_theredlist-e1476778816821-1024x694.jpeg\" alt=\"001_heloise-et-abelard_theredlist\" width=\"1024\" height=\"694\" \/><\/a><\/p>\n<p><strong>Jahan sah \u00e9s Mumt\u0101z Mahal<\/strong><\/p>\n<p>Mumt\u0101z Mahal (a palota kedves \u00e9kess\u00e9ge) 1593-ban sz\u00fcletett Indi\u00e1ban. Apja nemes volt, \u00e9s 1612-ben, tizenkilenc \u00e9vesen lett Khurram herceg feles\u00e9ge. K\u00e9s\u0151bb a herceg Jahan n\u00e9ven ker\u00fclt a tr\u00f3nra. A herceg harmadik feles\u00e9ge volt, m\u00e9gis \u0151 lett a kedvence. Rengeteg gyermeket, \u00f6sszesen tizenn\u00e9gyet, sz\u00fclt<\/p>\n<p><a href=\"http:\/\/nyuz.elte.hu\/wp-content\/uploads\/sites\/6\/2016\/10\/2a2082013da8a612a9e3e4cdcd19d655_large.jpeg\"><img loading=\"lazy\" decoding=\"async\" class=\" wp-image-1898\" src=\"http:\/\/nyuz.elte.hu\/wp-content\/uploads\/sites\/6\/2016\/10\/2a2082013da8a612a9e3e4cdcd19d655_large-1024x640.jpeg\" alt=\"\u00cc\u00a9\u00bc\u00a7\u00c1\u00ea\u00b8\u00df\u00c7\u00e5\u00b1\u00da\u00d6\u00bd\" width=\"338\" height=\"322\" \/><\/a><\/p>\n<p>Jahannak, de gyakori terhess\u00e9geinek ellen\u00e9re Mumt\u0101z mindig Jahan sahhal tartott a hadj\u00e1ratok sor\u00e1n. Az udvari t\u00f6rt\u00e9net\u00edr\u00f3k igen hosszan ecsetelik a p\u00e1r intim \u00e9let\u00e9t, ebb\u0151l is megbizonyosodhatunk arr\u00f3l, hogy milyen bizalmas \u00e9s szeretetteljes volt a kapcsolatuk. Mumt\u0101z 1931-ben halt meg, sz\u00fcl\u00e9s k\u00f6zben. A hal\u00e1los \u00e1gy\u00e1n az volt az utols\u00f3 k\u00edv\u00e1ns\u00e1ga, hogy a szerelm\u00fcknek a f\u00e9rje \u00e1ll\u00edtson m\u00e9lt\u00f3 eml\u00e9ket \u00e9s persze azt is k\u00e9rte, hogy f\u00e9rje soha t\u00f6bbet ne n\u0151s\u00fclj\u00f6n meg. Mumt\u0101z hal\u00e1la ut\u00e1n az uralkod\u00f3 v\u00edgasztalhatatlan volt, egy \u00e9vre elvonult, \u00e9s mag\u00e1nyosan gy\u00e1szolt. T\u00f6bb mint h\u00fasz \u00e9ven kereszt\u00fcl \u00e9p\u00edtette a m\u00e9lt\u00f3 eml\u00e9k\u00e9t a szerelm\u00fcknek, a T\u00e1dzs Mahalt, amely a kincst\u00e1r nagy r\u00e9sz\u00e9t felem\u00e9sztette. \u00cdgy v\u00e1lt a T\u00e1dzs Mahal a szerelem \u00f6r\u00f6k jelk\u00e9p\u00e9v\u00e9.<\/p>\n<p><a href=\"http:\/\/nyuz.elte.hu\/wp-content\/uploads\/sites\/6\/2016\/10\/54c9db781dc716ac178b2da500399d02.jpeg\"><img loading=\"lazy\" decoding=\"async\" class=\"aligncenter size-large wp-image-1899\" src=\"http:\/\/nyuz.elte.hu\/wp-content\/uploads\/sites\/6\/2016\/10\/54c9db781dc716ac178b2da500399d02-1024x693.jpeg\" alt=\"54c9db781dc716ac178b2da500399d02\" width=\"1024\" height=\"693\" srcset=\"https:\/\/nyuz.elte.hu\/wp-content\/uploads\/sites\/6\/2016\/10\/54c9db781dc716ac178b2da500399d02-1024x693.jpeg 1024w, https:\/\/nyuz.elte.hu\/wp-content\/uploads\/sites\/6\/2016\/10\/54c9db781dc716ac178b2da500399d02-300x203.jpeg 300w, https:\/\/nyuz.elte.hu\/wp-content\/uploads\/sites\/6\/2016\/10\/54c9db781dc716ac178b2da500399d02-768x519.jpeg 768w, https:\/\/nyuz.elte.hu\/wp-content\/uploads\/sites\/6\/2016\/10\/54c9db781dc716ac178b2da500399d02-624x422.jpeg 624w, https:\/\/nyuz.elte.hu\/wp-content\/uploads\/sites\/6\/2016\/10\/54c9db781dc716ac178b2da500399d02.jpeg 1752w\" sizes=\"(max-width: 1024px) 100vw, 1024px\" \/><\/a><\/p>\n<p><strong>H\u00fcrrem \u00e9s Szulejm\u00e1n<\/strong><\/p>\n<p>H\u00fcrrem, Alexandra nev\u0171 rabszolgak\u00e9nt ker\u00fclt Szulejm\u00e1n h\u00e1rem\u00e9be, ah<a href=\"http:\/\/nyuz.elte.hu\/wp-content\/uploads\/sites\/6\/2016\/10\/hurrem-sultan-kanuni-sultan-suleyman.jpg\"><img loading=\"lazy\" decoding=\"async\" class=\" wp-image-1900 alignright\" src=\"http:\/\/nyuz.elte.hu\/wp-content\/uploads\/sites\/6\/2016\/10\/hurrem-sultan-kanuni-sultan-suleyman-1024x737.jpg\" alt=\"hurrem-sultan-kanuni-sultan-suleyman\" width=\"329\" height=\"406\" \/><\/a>ol az akkor m\u00e9g herceg azonnal beleszeretett. Szulejm\u00e1n tr\u00f3nra ker\u00fcl\u00e9se ut\u00e1n rengeteg \u00faj rendeletet hozott, mely egy r\u00e9sze nagy felh\u00e1borod\u00e1st keltett. Ilyen volt Ibrahim pasa nagyvez\u00edrr\u00e9 nevez\u00e9se, valamint az, hogy H\u00fcrrem lett a hivatalos feles\u00e9ge. H\u00e9t gyermekkel aj\u00e1nd\u00e9kozta meg az uralkod\u00f3t, sajnos az utols\u00f3 gyerek nem sokkal a sz\u00fclet\u00e9se ut\u00e1n meghalt. Vonz\u00f3 jelens\u00e9g volt, aki vid\u00e1ms\u00e1g\u00e1val az ujja k\u00f6r\u00e9 csavarta az uralkod\u00f3t. Ravasz \u00e9s f\u00e9lt\u00e9keny n\u0151 volt, nem engedte, hogy m\u00e1s is intim viszonyba ker\u00fclj\u00f6n a szult\u00e1nnal. H\u00fcrrem a gyermekeit v\u00e9dte az 1558-ban bek\u00f6vetkezett hal\u00e1l\u00e1ig, \u00e9s odaad\u00f3an szerette az uralkod\u00f3t. A Szulejm\u00e1n-mecsetben lelt \u00f6r\u00f6k nyugalomra, ahova Szulejm\u00e1nt is temett\u00e9k az 1566-ban bek\u00f6vetkezett hal\u00e1lakor.<\/p>\n","protected":false},"excerpt":{"rendered":"<p>A szerelem vak, tartja a mond\u00e1s. Ezt bizony a t\u00f6rt\u00e9nelem is igazolja. Mi m\u00e1s\u00e9rt d\u0151ln\u00e9nek kardjukba a sebzett sz\u00edv\u0171 f\u00e9rfiak vagy \u00e9pp k\u00f6lten\u00e9k egy orsz\u00e1g teljes vagyon\u00e1t a halott kedves\u00e9nek tisztelg\u0151 eml\u00e9km\u0171re?<\/p>\n","protected":false},"author":54,"featured_media":1896,"comment_status":"closed","ping_status":"closed","sticky":false,"template":"","format":"standard","meta":{"footnotes":""},"categories":[1,56],"tags":[425,506,496,495,77,472,73,75],"class_list":["post-1894","post","type-post","status-publish","format-standard","has-post-thumbnail","hentry","category-foldal","category-ttt","tag-53-felevfolyam","tag-6-szam","tag-hires","tag-szerelem","tag-tetekas-nyuz","tag-tortenelem","tag-ttt","tag-tudomany"],"_links":{"self":[{"href":"https:\/\/nyuz.elte.hu\/index.php?rest_route=\/wp\/v2\/posts\/1894"}],"collection":[{"href":"https:\/\/nyuz.elte.hu\/index.php?rest_route=\/wp\/v2\/posts"}],"about":[{"href":"https:\/\/nyuz.elte.hu\/index.php?rest_route=\/wp\/v2\/types\/post"}],"author":[{"embeddable":true,"href":"https:\/\/nyuz.elte.hu\/index.php?rest_route=\/wp\/v2\/users\/54"}],"replies":[{"embeddable":true,"href":"https:\/\/nyuz.elte.hu\/index.php?rest_route=%2Fwp%2Fv2%2Fcomments&post=1894"}],"version-history":[{"count":1,"href":"https:\/\/nyuz.elte.hu\/index.php?rest_route=\/wp\/v2\/posts\/1894\/revisions"}],"predecessor-version":[{"id":1901,"href":"https:\/\/nyuz.elte.hu\/index.php?rest_route=\/wp\/v2\/posts\/1894\/revisions\/1901"}],"wp:featuredmedia":[{"embeddable":true,"href":"https:\/\/nyuz.elte.hu\/index.php?rest_route=\/wp\/v2\/media\/1896"}],"wp:attachment":[{"href":"https:\/\/nyuz.elte.hu\/index.php?rest_route=%2Fwp%2Fv2%2Fmedia&parent=1894"}],"wp:term":[{"taxonomy":"category","embeddable":true,"href":"https:\/\/nyuz.elte.hu\/index.php?rest_route=%2Fwp%2Fv2%2Fcategories&post=1894"},{"taxonomy":"post_tag","embeddable":true,"href":"https:\/\/nyuz.elte.hu\/index.php?rest_route=%2Fwp%2Fv2%2Ftags&post=1894"}],"curies":[{"name":"wp","href":"https:\/\/api.w.org\/{rel}","templated":true}]}}