{"id":1801,"date":"2016-10-06T13:29:18","date_gmt":"2016-10-06T12:29:18","guid":{"rendered":"http:\/\/nyuz.elte.hu\/?p=1801"},"modified":"2016-10-06T13:29:18","modified_gmt":"2016-10-06T12:29:18","slug":"lenard-sandor-egy-nap-a-lathatatlan-hazban","status":"publish","type":"post","link":"https:\/\/nyuz.elte.hu\/?p=1801","title":{"rendered":"L\u00e9n\u00e1rd S\u00e1ndor: Egy nap a l\u00e1thatatlan h\u00e1zban"},"content":{"rendered":"<p>L\u00e1thatatlan h\u00e1z \u00e9p\u00fclt az \u0151serd\u0151 f\u00e1i k\u00f6z\u00e9, ott, ahol a mim\u00f3za is k\u00e9tszer akkor\u00e1ra n\u0151, mint a\u00a0 R\u00f3ma k\u00f6r\u00fcli dombokon, ott, ahol a narancsok \u00e9s mandarinok az \u00e1gaikkal el\u00e9rik egym\u00e1st, s ha kedv\u00fck tartan\u00e1 gy\u00fcm\u00f6lcs\u00f6t cser\u00e9lhetn\u00e9nek. Az \u00fatmenti mocs\u00e1rba \u00fcltetett bambusz \u00e1thatolhatatlan ker\u00edt\u00e9ss\u00e9 burj\u00e1nzott, s b\u00e1rmelyik \u00e9gt\u00e1j fel\u0151l is vizsg\u00e1l\u00f3dunk a h\u00e1z val\u00f3ban elt\u0171nt. L\u00e9n\u00e1rd S\u00e1ndor, latin, olasz, angol \u00e9s n\u00e9met nyelven publik\u00e1l\u00f3 magyar \u00edr\u00f3, orvos \u00e9s orgonam\u0171v\u00e9sz pap\u00edrt \u00e9s tollat ragadva vall egy napban szobrot \u00e1ll\u00edtva mindennapjair\u00f3l, csapongva, olykor bukfencet h\u00e1nyva eml\u00e9kei, anekdot\u00e1i, passzi\u00f3i, felragyog\u00f3, majd kihuny\u00f3 eszmefuttat\u00e1sai k\u00f6z\u00f6tt, s robog v\u00e9gig k\u00f6nyv\u00e9ben a napszakokkal v\u00e1ltakoz\u00f3 gondolatokkal, m\u00edg nyugov\u00f3ra nem t\u00e9r a meghal\u00e1s m\u0171v\u00e9szet\u00e9n\u00e9l, mikor az \u00e1rny\u00e9kok elrugaszkodnak \u00e9s a t\u00e1volba szaladnak, esetleg elt\u0171nnek, mint a tenger lehelete. Ars moriendi \u00e9s Ars vivendi, nincsen k\u00fcl\u00f6nbs\u00e9g k\u00f6zt\u00fck, aki b\u00e9k\u00e9t k\u00f6t\u00f6tt a Hal\u00e1llal, m\u00e1r jobban \u00e9l, m\u00e1r nem szorul r\u00e1 a k\u00e9pzelet vil\u00e1g\u00e1ra. \u00c9lni annyi, mint t\u00fal\u00e9lni. Csecsem\u0151k\u00e9nt is v\u00e9n, b\u00f6lcs embereket \u00e9l\u00fcnk t\u00fal, vir\u00e1gok j\u00f6nnek \u00e9s t\u00fal\u00e9lj\u00fck \u0151ket, elillan a tavalyi h\u00f3, utc\u00e1kat, h\u00e1zakat l\u00e1tunk let\u0171nni, \u00e1llatfajok t\u0171nnek el \u00e9let\u00fcnk folyam\u00e1n, nyelvek mondj\u00e1k ki utols\u00f3 szavukat. Utunk a tev\u00e9keny hangy\u00e1k f\u00fcrk\u00e9sz\u00e9s\u00e9t\u0151l lapr\u00f3l-lapra tart a Mennyorsz\u00e1g fel\u00e9, mint az egycsuh\u00e1s, egyform\u00e1n hallgat\u00f3 trappist\u00e1k, s k\u00f6zben megtudhatjuk, ki a szerencs\u00e9s ember, mennyi hely kell a remete s\u00e1rgar\u00e9p\u00e1j\u00e1hoz, sz\u00f3 esik Michelangelor\u00f3l, mint kert\u00e9szr\u0151l, az inka hercegek szam\u00f3c\u00e1j\u00e1r\u00f3l, egy k\u00fclk\u00e9pviseleti malacr\u00f3l, a nemdolgoz\u00e1s szellem\u00e9r\u0151l, a n\u00f6v\u00e9nyek bev\u00e1ndorl\u00e1s\u00e1r\u00f3l, a sv\u00e1bokr\u00f3l \u00e9s a humanist\u00e1kr\u00f3l, a k\u00e9tfej\u0171 sasr\u00f3l, a t\u00f6bbfej\u0171 emberekr\u0151l, \u00e9s a sz\u00e1zfej\u0171 trollr\u00f3l, arr\u00f3l, hogy Bachr\u00f3l csak hallgatni lehet, a feketek\u00e1v\u00e9 fajs\u00faly\u00e1r\u00f3l, \u00e9s legf\u0151k\u00e9ppen arr\u00f3l, hogyan mehet\u00fcnk neki a vil\u00e1gnak pog\u00e1csa \u00e9s lapulev\u00e9l n\u00e9lk\u00fcl. Egy kakassz\u00f3nyi id\u0151re nyerhet\u00fcnk betekint\u00e9st a l\u00e1thatatlan h\u00e1zba, melynek \u00f3r\u00e1ja a plat\u00e1nfa \u00e1rny\u00e9ka, s ezalatt megtanulhatjuk megbecs\u00fclni a sz\u0171kszav\u00fa g\u00f6r\u00f6g\u00f6ket, az ismeretleneket, akik lent az orsz\u00e1g\u00faton j\u00e1rnak.<\/p>\n","protected":false},"excerpt":{"rendered":"<p>L\u00e1thatatlan h\u00e1z \u00e9p\u00fclt az \u0151serd\u0151 f\u00e1i k\u00f6z\u00e9, ott, ahol a mim\u00f3za is k\u00e9tszer akkor\u00e1ra n\u0151, mint a\u00a0 R\u00f3ma k\u00f6r\u00fcli dombokon, ott, ahol a narancsok \u00e9s mandarinok az \u00e1gaikkal el\u00e9rik egym\u00e1st, s ha kedv\u00fck tartan\u00e1 gy\u00fcm\u00f6lcs\u00f6t cser\u00e9lhetn\u00e9nek. Az \u00fatmenti mocs\u00e1rba \u00fcltetett bambusz \u00e1thatolhatatlan ker\u00edt\u00e9ss\u00e9 burj\u00e1nzott, s b\u00e1rmelyik \u00e9gt\u00e1j fel\u0151l is vizsg\u00e1l\u00f3dunk a h\u00e1z val\u00f3ban elt\u0171nt. L\u00e9n\u00e1rd S\u00e1ndor, latin, olasz, angol \u00e9s n\u00e9met nyelven publik\u00e1l\u00f3 magyar \u00edr\u00f3, orvos \u00e9s orgonam\u0171v\u00e9sz pap\u00edrt \u00e9s tollat ragadva vall egy napban szobrot \u00e1ll\u00edtva mindennapjair\u00f3l, csapongva, olykor bukfencet h\u00e1nyva eml\u00e9kei, anekdot\u00e1i, passzi\u00f3i, felragyog\u00f3, majd kihuny\u00f3 eszmefuttat\u00e1sai k\u00f6z\u00f6tt,&hellip;<\/p>\n","protected":false},"author":49,"featured_media":1802,"comment_status":"closed","ping_status":"closed","sticky":false,"template":"","format":"standard","meta":{"footnotes":""},"categories":[1,63],"tags":[46,77],"class_list":["post-1801","post","type-post","status-publish","format-standard","has-post-thumbnail","hentry","category-foldal","category-kritika","tag-kritika","tag-tetekas-nyuz"],"_links":{"self":[{"href":"https:\/\/nyuz.elte.hu\/index.php?rest_route=\/wp\/v2\/posts\/1801"}],"collection":[{"href":"https:\/\/nyuz.elte.hu\/index.php?rest_route=\/wp\/v2\/posts"}],"about":[{"href":"https:\/\/nyuz.elte.hu\/index.php?rest_route=\/wp\/v2\/types\/post"}],"author":[{"embeddable":true,"href":"https:\/\/nyuz.elte.hu\/index.php?rest_route=\/wp\/v2\/users\/49"}],"replies":[{"embeddable":true,"href":"https:\/\/nyuz.elte.hu\/index.php?rest_route=%2Fwp%2Fv2%2Fcomments&post=1801"}],"version-history":[{"count":1,"href":"https:\/\/nyuz.elte.hu\/index.php?rest_route=\/wp\/v2\/posts\/1801\/revisions"}],"predecessor-version":[{"id":1803,"href":"https:\/\/nyuz.elte.hu\/index.php?rest_route=\/wp\/v2\/posts\/1801\/revisions\/1803"}],"wp:featuredmedia":[{"embeddable":true,"href":"https:\/\/nyuz.elte.hu\/index.php?rest_route=\/wp\/v2\/media\/1802"}],"wp:attachment":[{"href":"https:\/\/nyuz.elte.hu\/index.php?rest_route=%2Fwp%2Fv2%2Fmedia&parent=1801"}],"wp:term":[{"taxonomy":"category","embeddable":true,"href":"https:\/\/nyuz.elte.hu\/index.php?rest_route=%2Fwp%2Fv2%2Fcategories&post=1801"},{"taxonomy":"post_tag","embeddable":true,"href":"https:\/\/nyuz.elte.hu\/index.php?rest_route=%2Fwp%2Fv2%2Ftags&post=1801"}],"curies":[{"name":"wp","href":"https:\/\/api.w.org\/{rel}","templated":true}]}}