{"id":1753,"date":"2016-10-03T13:47:28","date_gmt":"2016-10-03T12:47:28","guid":{"rendered":"http:\/\/nyuz.elte.hu\/?p=1753"},"modified":"2016-10-03T13:47:49","modified_gmt":"2016-10-03T12:47:49","slug":"fel-labbal-a-foldon","status":"publish","type":"post","link":"https:\/\/nyuz.elte.hu\/?p=1753","title":{"rendered":"F\u00e9l l\u00e1bbal a f\u00f6ld\u00f6n"},"content":{"rendered":"<p>Egy k\u00f6z\u00e9pkor\u00fa orvos Norv\u00e9gi\u00e1ban \u00fcd\u00fcl, \u00e1m egy mag\u00e1nyos kir\u00e1ndul\u00e1son baleset \u00e9ri. Szinte rem\u00e9nytelen a helyzete. Hogyan h\u00edvhatna seg\u00edts\u00e9get, hogyan juthatna vissza az emberlakta telep\u00fcl\u00e9sek<\/p>\n<p><a href=\"http:\/\/nyuz.elte.hu\/wp-content\/uploads\/sites\/6\/2016\/10\/Oliver-Sacks.jpg\"><img loading=\"lazy\" decoding=\"async\" class=\"wp-image-1754 alignright\" src=\"http:\/\/nyuz.elte.hu\/wp-content\/uploads\/sites\/6\/2016\/10\/Oliver-Sacks-1024x1009.jpg\" alt=\"In this 2007 photo provided by the BBC, Neurologist Oliver Sacks poses at a piano while holding a model of a brain at the Chemistry Auditorium, University College London in London. Noted neurologist Oliver Sacks has found common ground with the pastor of Harlem's Abyssinian Baptist Church: Both men believe in the healing power of music. Sacks, the best-selling author of &quot;Awakenings&quot; and &quot;The Man Who Mistook His Wife for a Hat,&quot; was to share the church stage Saturday with the famed gospel choir as part of the inaugural World Science Festival, a five-day celebration of science taking place in New York this week. (AP Photo\/BBC, Adam Scourfield) ** NO SALES **\" width=\"206\" height=\"132\" \/><\/a><\/p>\n<p>k\u00f6zel\u00e9be, ha egyszer l\u00e1bra sem tud \u00e1llni? Az \u00e9let\u00f6szt\u00f6n azonban mindenek felett m\u0171k\u00f6dik: a s\u00e9r\u00fclt turista erny\u0151j\u00e9t felhaszn\u00e1lva s\u00ednbe rakja a l\u00e1b\u00e1t, \u00e9s cs\u00faszva-m\u00e1szva pr\u00f3b\u00e1l lejutni a hegyr\u0151l, m\u00e9g<\/p>\n<p><strong>Oliver Sacks<\/strong> saj\u00e1t baleset\u00e9nek \u00e9s nem \u00e9ppen esem\u00e9nytelen gy\u00f3gyul\u00e1s\u00e1nak t\u00f6rt\u00e9net\u00e9t kett\u0151s n\u00e9z\u0151pontb\u00f3l besz\u00e9li el: hol neurol\u00f3gusk\u00e9nt, a t\u00e9nyek szenvtelen szeml\u00e9l\u0151jek\u00e9nt \u00e9s elemz\u0151jek\u00e9nt l\u00e9p fel, hol pedig a k\u00e9ts\u00e9gek k\u00f6zt verg\u0151d\u0151 beteg szemsz\u00f6g\u00e9b\u0151l k\u00f6zvet\u00edti az \u00e9lm\u00e9nyeit. Tal\u00e1n az objektivit\u00e1snak \u00e9s a szubjektivit\u00e1snak ez a saj\u00e1tos v\u00e1ltakoz\u00e1sa az, ami igaz\u00e1n egyediv\u00e9 teszi a dokumentumreg\u00e9nyt, hiszen ritk\u00e1n van arra p\u00e9lda, hogy egy ilyen nehezen le\u00edrhat\u00f3, szinte sz\u00fcrre\u00e1lis \u00e1llapotot hozz\u00e1\u00e9rt\u0151 szem\u00e9ly \u00e9ljen \u00e1t, aki nem csak elmes\u00e9lni, hanem elemezni, \u00e9rtelmezni is tudja a vele t\u00f6rt\u00e9nteket.<\/p>\n<blockquote><p>Sacks p\u00e1lyat\u00e1rsa \u00e9s bar\u00e1tja, a moszkvai <strong>Lurija<\/strong> professzor \u00edgy \u00edrt err\u0151l egyik level\u00e9ben: \u201c<em>Sajn\u00e1lom, hogy \u00e9ppen \u00d6nnel esett meg a dolog, de ha valakivel ilyesmi t\u00f6rt\u00e9nik, azt musz\u00e1j meg\u00e9rteni \u00e9s felhaszn\u00e1lni. Tal\u00e1n meg volt \u00edrva a sors k\u00f6nyv\u00e9ben, hogy \u00e1t kell \u00e9lnie mindezt, \u00e9s semmi k\u00e9ts\u00e9g, most k\u00f6teless\u00e9ge, hogy meg\u00e9rtse \u00e9s kutassa\u2026<\/em>\u201d<\/p><\/blockquote>\n","protected":false},"excerpt":{"rendered":"<p>Egy k\u00f6z\u00e9pkor\u00fa orvos Norv\u00e9gi\u00e1ban \u00fcd\u00fcl, \u00e1m egy mag\u00e1nyos kir\u00e1ndul\u00e1son baleset \u00e9ri. Szinte rem\u00e9nytelen a helyzete. Hogyan h\u00edvhatna seg\u00edts\u00e9get, hogyan juthatna vissza az emberlakta telep\u00fcl\u00e9sek k\u00f6zel\u00e9be, ha egyszer l\u00e1bra sem tud \u00e1llni? Az \u00e9let\u00f6szt\u00f6n azonban mindenek felett m\u0171k\u00f6dik: a s\u00e9r\u00fclt turista erny\u0151j\u00e9t felhaszn\u00e1lva s\u00ednbe rakja a l\u00e1b\u00e1t, \u00e9s cs\u00faszva-m\u00e1szva pr\u00f3b\u00e1l lejutni a hegyr\u0151l, m\u00e9g Oliver Sacks saj\u00e1t baleset\u00e9nek \u00e9s nem \u00e9ppen esem\u00e9nytelen gy\u00f3gyul\u00e1s\u00e1nak t\u00f6rt\u00e9net\u00e9t kett\u0151s n\u00e9z\u0151pontb\u00f3l besz\u00e9li el: hol neurol\u00f3gusk\u00e9nt, a t\u00e9nyek szenvtelen szeml\u00e9l\u0151jek\u00e9nt \u00e9s elemz\u0151jek\u00e9nt l\u00e9p fel, hol pedig a k\u00e9ts\u00e9gek k\u00f6zt verg\u0151d\u0151 beteg szemsz\u00f6g\u00e9b\u0151l k\u00f6zvet\u00edti az \u00e9lm\u00e9nyeit. Tal\u00e1n az&hellip;<\/p>\n","protected":false},"author":61,"featured_media":1754,"comment_status":"closed","ping_status":"closed","sticky":false,"template":"","format":"standard","meta":{"footnotes":""},"categories":[1,63],"tags":[46,418,77],"class_list":["post-1753","post","type-post","status-publish","format-standard","has-post-thumbnail","hentry","category-foldal","category-kritika","tag-kritika","tag-oliver-sacks","tag-tetekas-nyuz"],"_links":{"self":[{"href":"https:\/\/nyuz.elte.hu\/index.php?rest_route=\/wp\/v2\/posts\/1753"}],"collection":[{"href":"https:\/\/nyuz.elte.hu\/index.php?rest_route=\/wp\/v2\/posts"}],"about":[{"href":"https:\/\/nyuz.elte.hu\/index.php?rest_route=\/wp\/v2\/types\/post"}],"author":[{"embeddable":true,"href":"https:\/\/nyuz.elte.hu\/index.php?rest_route=\/wp\/v2\/users\/61"}],"replies":[{"embeddable":true,"href":"https:\/\/nyuz.elte.hu\/index.php?rest_route=%2Fwp%2Fv2%2Fcomments&post=1753"}],"version-history":[{"count":2,"href":"https:\/\/nyuz.elte.hu\/index.php?rest_route=\/wp\/v2\/posts\/1753\/revisions"}],"predecessor-version":[{"id":1756,"href":"https:\/\/nyuz.elte.hu\/index.php?rest_route=\/wp\/v2\/posts\/1753\/revisions\/1756"}],"wp:featuredmedia":[{"embeddable":true,"href":"https:\/\/nyuz.elte.hu\/index.php?rest_route=\/wp\/v2\/media\/1754"}],"wp:attachment":[{"href":"https:\/\/nyuz.elte.hu\/index.php?rest_route=%2Fwp%2Fv2%2Fmedia&parent=1753"}],"wp:term":[{"taxonomy":"category","embeddable":true,"href":"https:\/\/nyuz.elte.hu\/index.php?rest_route=%2Fwp%2Fv2%2Fcategories&post=1753"},{"taxonomy":"post_tag","embeddable":true,"href":"https:\/\/nyuz.elte.hu\/index.php?rest_route=%2Fwp%2Fv2%2Ftags&post=1753"}],"curies":[{"name":"wp","href":"https:\/\/api.w.org\/{rel}","templated":true}]}}